{"id":8138,"date":"2026-04-27T12:08:54","date_gmt":"2026-04-27T10:08:54","guid":{"rendered":"https:\/\/www.hgc-reims.com\/?p=8138"},"modified":"2026-04-27T12:08:55","modified_gmt":"2026-04-27T10:08:55","slug":"informations-sur-les-jours-feries-et-les-fermetures-des-piscines-3","status":"publish","type":"post","link":"https:\/\/www.hgc-reims.com\/?p=8138","title":{"rendered":"Informations sur les jours f\u00e9ri\u00e9s et les fermetures des piscines"},"content":{"rendered":"\n<p>Chers adh\u00e9rents,<\/p>\n\n\n\n<p>Nous relayons l\u2019information transmise par la Direction des Sports de la ville de Reims :&nbsp;<\/p>\n\n\n\n<blockquote class=\"wp-block-quote is-layout-flow wp-block-quote-is-layout-flow\">\n<p><em>Il n&rsquo;y a pas de cr\u00e9neaux de piscine disponibles pendant les jours f\u00e9ri\u00e9s suivants : vendredi 1er mai, vendredi 8 mai et lundi 25 mai.<\/em><\/p>\n<\/blockquote>\n\n\n\n<blockquote class=\"wp-block-quote is-layout-flow wp-block-quote-is-layout-flow\">\n<p><em>De plus, tous les \u00e9tablissements sont ferm\u00e9s le&nbsp;vendredi 15 mai.<\/em><\/p>\n<\/blockquote>\n\n\n\n<p>Merci beaucoup pour votre compr\u00e9hension et passez de tr\u00e8s bonnes journ\u00e9es de repos !&nbsp;<\/p>\n\n\n\n<p>Nous serons ravis de nous retrouver d\u00e8s r\u00e9ouverture.<\/p>\n\n\n\n<p><em>La pr\u00e9sidente et les membres du comit\u00e9<\/em><\/p>\n","protected":false},"excerpt":{"rendered":"<p>Chers adh\u00e9rents, Nous relayons l\u2019information transmise par la Direction des Sports de la ville de Reims :&nbsp; Il n&rsquo;y a pas de cr\u00e9neaux de piscine disponibles pendant les jours f\u00e9ri\u00e9s suivants : vendredi 1er mai, vendredi 8 mai et lundi 25 mai. De plus, tous les \u00e9tablissements sont ferm\u00e9s le&nbsp;vendredi 15 mai. Merci beaucoup pour &hellip; <a href=\"https:\/\/www.hgc-reims.com\/?p=8138\" class=\"more-link\">Continuer la lecture de <span class=\"screen-reader-text\">Informations sur les jours f\u00e9ri\u00e9s et les fermetures des piscines<\/span>  <span class=\"meta-nav\">&rarr;<\/span><\/a><\/p>\n","protected":false},"author":1,"featured_media":0,"comment_status":"closed","ping_status":"closed","sticky":false,"template":"","format":"standard","meta":{"footnotes":""},"categories":[7,23],"tags":[5,24],"class_list":["post-8138","post","type-post","status-publish","format-standard","hentry","category-news","category-vie-du-club","tag-news","tag-vie-du-club","gallery-content-unit"],"post_mailing_queue_ids":[],"_links":{"self":[{"href":"https:\/\/www.hgc-reims.com\/index.php?rest_route=\/wp\/v2\/posts\/8138","targetHints":{"allow":["GET"]}}],"collection":[{"href":"https:\/\/www.hgc-reims.com\/index.php?rest_route=\/wp\/v2\/posts"}],"about":[{"href":"https:\/\/www.hgc-reims.com\/index.php?rest_route=\/wp\/v2\/types\/post"}],"author":[{"embeddable":true,"href":"https:\/\/www.hgc-reims.com\/index.php?rest_route=\/wp\/v2\/users\/1"}],"replies":[{"embeddable":true,"href":"https:\/\/www.hgc-reims.com\/index.php?rest_route=%2Fwp%2Fv2%2Fcomments&post=8138"}],"version-history":[{"count":1,"href":"https:\/\/www.hgc-reims.com\/index.php?rest_route=\/wp\/v2\/posts\/8138\/revisions"}],"predecessor-version":[{"id":8139,"href":"https:\/\/www.hgc-reims.com\/index.php?rest_route=\/wp\/v2\/posts\/8138\/revisions\/8139"}],"wp:attachment":[{"href":"https:\/\/www.hgc-reims.com\/index.php?rest_route=%2Fwp%2Fv2%2Fmedia&parent=8138"}],"wp:term":[{"taxonomy":"category","embeddable":true,"href":"https:\/\/www.hgc-reims.com\/index.php?rest_route=%2Fwp%2Fv2%2Fcategories&post=8138"},{"taxonomy":"post_tag","embeddable":true,"href":"https:\/\/www.hgc-reims.com\/index.php?rest_route=%2Fwp%2Fv2%2Ftags&post=8138"}],"curies":[{"name":"wp","href":"https:\/\/api.w.org\/{rel}","templated":true}]}}