{"id":8040,"date":"2026-01-21T07:00:00","date_gmt":"2026-01-21T06:00:00","guid":{"rendered":"https:\/\/www.hgc-reims.com\/?p=8040"},"modified":"2026-01-17T16:58:11","modified_gmt":"2026-01-17T15:58:11","slug":"ouverture-inscription-sortie-estartit","status":"publish","type":"post","link":"https:\/\/www.hgc-reims.com\/?p=8040","title":{"rendered":"Ouverture inscription sortie Estartit"},"content":{"rendered":"\n<p><strong>Les inscriptions sont ouvertes du mercredi 21 janvier au mardi 10 f\u00e9vrier avec le versement du 1er acompte via Helloasso en cliquant sur l&rsquo;h\u00f4tel.<\/strong><\/p>\n\n\n\n<p><strong>Rappel : L<\/strong><strong>es options sont \u00e0 pr\u00e9ciser par mail d\u00e8s votre inscription \u00e0 l&rsquo;adresse mail suivante :&nbsp;&nbsp;<\/strong><strong><a href=\"mailto:jm.noel51@gmail.com\" target=\"_blank\" rel=\"noreferrer noopener\">jm.noel51@gmail.com<\/a><\/strong>&nbsp; (nitrox, parking, vue mer, chambre single)<\/p>\n\n\n<div class=\"wp-block-image\">\n<figure class=\"aligncenter size-full\"><a href=\"https:\/\/www.helloasso.com\/associations\/hommes-grenouilles-de-champagne-reims\/evenements\/sortie-l-estartit-1er-acompte\"><img loading=\"lazy\" decoding=\"async\" width=\"502\" height=\"288\" src=\"https:\/\/www.hgc-reims.com\/wp-content\/uploads\/2026\/01\/image-4.png\" alt=\"\" class=\"wp-image-8041\" srcset=\"https:\/\/www.hgc-reims.com\/wp-content\/uploads\/2026\/01\/image-4.png 502w, https:\/\/www.hgc-reims.com\/wp-content\/uploads\/2026\/01\/image-4-300x172.png 300w\" sizes=\"auto, (max-width: 502px) 100vw, 502px\" \/><\/a><\/figure>\n<\/div>\n\n\n<p>Le club organise une sortie \u00e0 l\u2019ESTARTIT du 11 au 17 octobre 2026. S\u00e9jour \u00e0 l\u2019h\u00f4tel Panorama et plong\u00e9es avec le club El Rei Del Mar.<\/p>\n\n\n\n<p>Cette sortie est ouverte \u00e0 tous les niveaux de plong\u00e9e mais les plongeurs non autonomes (niveaux 1 et PE 40) devront prendre un encadrement sur place au club de plong\u00e9e El Rei Del Mar.<\/p>\n\n\n\n<p>Le nombre de places disponibles est de 25 plongeurs et de 15 chambres.<\/p>\n\n\n\n<p><strong>Attention&nbsp;<\/strong>: Le d\u00e9lai pour s\u2019inscrire est assez court, ces places n\u2019\u00e9tant bloqu\u00e9es que jusqu\u2019au&nbsp;10 f\u00e9vrier qui sera donc la date limite pour s\u2019inscrire.<\/p>\n\n\n\n<p><strong>Les inscriptions seront ouvertes \u00e0 partir de mercredi 21 janvier<\/strong>&nbsp;via HelloAsso avec le versement du 1er acompte. Un appel de fonds sera fait au mois de mai pour le 2\u00e8me acompte.<\/p>\n\n\n\n<p>Le solde sera \u00e0 r\u00e9gler sur place en fin de s\u00e9jour, directement \u00e0 l\u2019h\u00f4tel, et sera ajust\u00e9 en fonction du nombre de plong\u00e9es effectu\u00e9es et des options retenues par chacun.<\/p>\n\n\n\n<p>Vous trouverez ci-dessous tous les renseignements sur cette sortie.\u00a0Jean-Marie est disponible pour tout compl\u00e9ment d\u2019information.<\/p>\n\n\n\n<p><strong>R\u00c9F\u00c9RENT sortie:\u00a0 Jean-Marie NO\u00cbL (<\/strong><a href=\"mailto:jm.noel51@gmail.com\" target=\"_blank\" rel=\"noreferrer noopener\">jm.noel51@gmail.com<\/a>\u00a0)<\/p>\n\n\n\n<p><strong>DOCUMENTS:<\/strong><br>Licence 2026-2027<\/p>\n\n\n\n<p>Carte de niveau obligatoire<\/p>\n\n\n\n<p>Certificat m\u00e9dical &lt; 1 an ,<br>Carnet de plong\u00e9e pour valider les plong\u00e9es,<\/p>\n\n\n\n<p>Carte Europ\u00e9enne d\u2019Assurance Maladie.<\/p>\n\n\n\n<p><strong>MAT\u00c9RIEL<\/strong><br>Le mat\u00e9riel pourra \u00eatre emprunt\u00e9 au club (sauf bouteilles) selon la tarification forfaitaire.<\/p>\n\n\n\n<p><strong>PROGRAMME :<\/strong><br>Rendez-vous sur place le 11\/10, le premier service \u00e9tant le souper du soir.<\/p>\n\n\n\n<p>6 nuits d&rsquo;h\u00f4tel + 10 plong\u00e9es<\/p>\n\n\n\n<p>Dernier service le 17\/10 au petit-d\u00e9jeuner.<\/p>\n\n\n\n<p><strong>INFOS PRATIQUES :<\/strong><\/p>\n\n\n\n<p>Lieu: H\u00f4tel Panorama:&nbsp; &nbsp; &nbsp;5&nbsp;Av. Gr\u00e8cia, 17258 L&rsquo;Estartit, Girona, Espagne<\/p>\n\n\n\n<p>Site web &nbsp;:&nbsp;<a href=\"https:\/\/www.elreidelmar.com\/\" target=\"_blank\" rel=\"noreferrer noopener\">https:\/\/www.elreidelmar.com\/<\/a><\/p>\n\n\n\n<p><strong>R\u00c8GLEMENT<\/strong><\/p>\n\n\n\n<p>Le r\u00e8glement se fera en&nbsp;<strong>3 fois<\/strong>:&nbsp;<\/p>\n\n\n\n<p>1er acompte via Helloasso lors de l\u2019inscription,<\/p>\n\n\n\n<p>2\u00e8me acompte en mai via Helloasso \u00e9galement. (Un appel de fonds sera fait par mail)<\/p>\n\n\n\n<p>le&nbsp;solde qui sera r\u00e9gl\u00e9 individuellement en fin de s\u00e9jour directement \u00e0&nbsp;l\u2019h\u00f4tel.<\/p>\n\n\n\n<p>Les&nbsp;acomptes sont de&nbsp;<strong>2 fois 200 \u20ac<\/strong>&nbsp;pour les plongeurs et de&nbsp;<strong>2 fois 100 \u20ac<\/strong>&nbsp;pour les non plongeurs.<\/p>\n\n\n\n<p><strong>Ces options seront \u00e0 pr\u00e9ciser par mail d\u00e8s votre inscription \u00e0 l&rsquo;adresse mail suivante :&nbsp;&nbsp;<\/strong><strong><a href=\"mailto:jm.noel51@gmail.com\" target=\"_blank\" rel=\"noreferrer noopener\">jm.noel51@gmail.com<\/a><\/strong>&nbsp; (nitrox, parking, vue mer, chambre single)<\/p>\n","protected":false},"excerpt":{"rendered":"<p>Les inscriptions sont ouvertes du mercredi 21 janvier au mardi 10 f\u00e9vrier avec le versement du 1er acompte via Helloasso en cliquant sur l&rsquo;h\u00f4tel. Rappel : Les options sont \u00e0 pr\u00e9ciser par mail d\u00e8s votre inscription \u00e0 l&rsquo;adresse mail suivante :&nbsp;&nbsp;jm.noel51@gmail.com&nbsp; (nitrox, parking, vue mer, chambre single) Le club organise une sortie \u00e0 l\u2019ESTARTIT du &hellip; <a href=\"https:\/\/www.hgc-reims.com\/?p=8040\" class=\"more-link\">Continuer la lecture de <span class=\"screen-reader-text\">Ouverture inscription sortie Estartit<\/span>  <span class=\"meta-nav\">&rarr;<\/span><\/a><\/p>\n","protected":false},"author":1,"featured_media":0,"comment_status":"closed","ping_status":"closed","sticky":false,"template":"","format":"standard","meta":{"footnotes":""},"categories":[7,26,23],"tags":[5,27,24],"class_list":["post-8040","post","type-post","status-publish","format-standard","hentry","category-news","category-sorties","category-vie-du-club","tag-news","tag-sorties","tag-vie-du-club","gallery-content-unit"],"post_mailing_queue_ids":[],"_links":{"self":[{"href":"https:\/\/www.hgc-reims.com\/index.php?rest_route=\/wp\/v2\/posts\/8040","targetHints":{"allow":["GET"]}}],"collection":[{"href":"https:\/\/www.hgc-reims.com\/index.php?rest_route=\/wp\/v2\/posts"}],"about":[{"href":"https:\/\/www.hgc-reims.com\/index.php?rest_route=\/wp\/v2\/types\/post"}],"author":[{"embeddable":true,"href":"https:\/\/www.hgc-reims.com\/index.php?rest_route=\/wp\/v2\/users\/1"}],"replies":[{"embeddable":true,"href":"https:\/\/www.hgc-reims.com\/index.php?rest_route=%2Fwp%2Fv2%2Fcomments&post=8040"}],"version-history":[{"count":1,"href":"https:\/\/www.hgc-reims.com\/index.php?rest_route=\/wp\/v2\/posts\/8040\/revisions"}],"predecessor-version":[{"id":8042,"href":"https:\/\/www.hgc-reims.com\/index.php?rest_route=\/wp\/v2\/posts\/8040\/revisions\/8042"}],"wp:attachment":[{"href":"https:\/\/www.hgc-reims.com\/index.php?rest_route=%2Fwp%2Fv2%2Fmedia&parent=8040"}],"wp:term":[{"taxonomy":"category","embeddable":true,"href":"https:\/\/www.hgc-reims.com\/index.php?rest_route=%2Fwp%2Fv2%2Fcategories&post=8040"},{"taxonomy":"post_tag","embeddable":true,"href":"https:\/\/www.hgc-reims.com\/index.php?rest_route=%2Fwp%2Fv2%2Ftags&post=8040"}],"curies":[{"name":"wp","href":"https:\/\/api.w.org\/{rel}","templated":true}]}}