{"id":8032,"date":"2026-01-17T16:15:14","date_gmt":"2026-01-17T15:15:14","guid":{"rendered":"https:\/\/www.hgc-reims.com\/?p=8032"},"modified":"2026-01-17T16:15:15","modified_gmt":"2026-01-17T15:15:15","slug":"sortie-estartit-2026","status":"publish","type":"post","link":"https:\/\/www.hgc-reims.com\/?p=8032","title":{"rendered":"Sortie Estartit 2026"},"content":{"rendered":"\n<p>Le club organise une sortie \u00e0 l\u2019ESTARTIT du 11 au 17 octobre 2026. S\u00e9jour \u00e0 l\u2019h\u00f4tel Panorama et plong\u00e9es avec le club El Rei Del Mar.<\/p>\n\n\n\n<p>Cette sortie est ouverte \u00e0 tous les niveaux de plong\u00e9e mais les plongeurs non autonomes (niveaux 1 et PE 40) devront prendre un encadrement sur place au club de plong\u00e9e El Rei Del Mar.<\/p>\n\n\n\n<p>Le nombre de places disponibles est de 25 plongeurs et de 15 chambres.<\/p>\n\n\n\n<p><strong>Attention\u00a0<\/strong>: Le d\u00e9lai pour s\u2019inscrire est assez court, ces places n\u2019\u00e9tant bloqu\u00e9es que jusqu\u2019au\u00a0<strong><mark style=\"background-color:rgba(0, 0, 0, 0)\" class=\"has-inline-color has-black-color\">10 f\u00e9vrier qui sera donc la date limite pour s\u2019inscrire.<\/mark><\/strong><\/p>\n\n\n\n<p><strong>Les inscriptions seront ouvertes \u00e0 partir de mercredi 21 janvier<\/strong>&nbsp;via HelloAsso avec le versement du 1er acompte. Un appel de fonds sera fait au mois de mai pour le 2\u00e8me acompte.<\/p>\n\n\n\n<p>Le solde sera \u00e0 r\u00e9gler sur place en fin de s\u00e9jour, directement \u00e0 l\u2019h\u00f4tel, et sera ajust\u00e9 en fonction du nombre de plong\u00e9es effectu\u00e9es et des options retenues par chacun.<\/p>\n\n\n\n<p>Vous trouverez ci-dessous tous les renseignements sur cette sortie.&nbsp;Jean-Mariee<\/p>\n\n\n\n<p>st disponible pour tout compl\u00e9ment d\u2019information.<\/p>\n\n\n\n<p><strong>R\u00c9F\u00c9RENT sortie:\u00a0 Jean-Marie NO\u00cbL (<\/strong><a href=\"mailto:jm.noel51@gmail.com\" target=\"_blank\" rel=\"noreferrer noopener\">jm.noel51@gmail.com<\/a>\u00a0)<\/p>\n\n\n\n<p><strong>DOCUMENTS:<\/strong><br>Licence 2026-2027<\/p>\n\n\n\n<p>Carte de niveau obligatoire<\/p>\n\n\n\n<p>Certificat m\u00e9dical &lt; 1 an ,<br>Carnet de plong\u00e9e pour valider les plong\u00e9es,<\/p>\n\n\n\n<p>Carte Europ\u00e9enne d\u2019Assurance Maladie.<\/p>\n\n\n\n<p><strong>MAT\u00c9RIEL<\/strong><br>Le mat\u00e9riel pourra \u00eatre emprunt\u00e9 au club (sauf bouteilles) selon la tarification forfaitaire.<\/p>\n\n\n\n<p><strong>PROGRAMME :<\/strong><br>Rendez-vous sur place le 11\/10, le premier service \u00e9tant le souper du soir.<\/p>\n\n\n\n<p>6 nuits d&rsquo;h\u00f4tel + 10 plong\u00e9es<\/p>\n\n\n\n<p>Dernier service le 17\/10 au petit-d\u00e9jeuner.<\/p>\n\n\n\n<p><strong>INFOS PRATIQUES :<\/strong><\/p>\n\n\n\n<p>Lieu: H\u00f4tel Panorama:&nbsp; &nbsp; &nbsp;5&nbsp;Av. Gr\u00e8cia, 17258 L&rsquo;Estartit, Girona, Espagne<\/p>\n\n\n\n<p>Site web &nbsp;:&nbsp;<a href=\"https:\/\/www.elreidelmar.com\/\" target=\"_blank\" rel=\"noreferrer noopener\">https:\/\/www.elreidelmar.com\/<\/a><\/p>\n\n\n\n<p><strong>R\u00c8GLEMENT<\/strong><\/p>\n\n\n\n<p>Le r\u00e8glement se fera en&nbsp;<strong>3 fois<\/strong>:&nbsp;<\/p>\n\n\n\n<p>1er acompte via Helloasso lors de l\u2019inscription,<\/p>\n\n\n\n<p>2\u00e8me acompte en mai via Helloasso \u00e9galement. (Un appel de fonds sera fait par mail)<\/p>\n\n\n\n<p>le&nbsp;solde qui sera r\u00e9gl\u00e9 individuellement en fin de s\u00e9jour directement \u00e0&nbsp;l\u2019h\u00f4tel.<\/p>\n\n\n\n<p>Les&nbsp;acomptes sont de&nbsp;<strong>2 fois 200 \u20ac<\/strong>&nbsp;pour les plongeurs et de&nbsp;<strong>2 fois 100 \u20ac<\/strong>&nbsp;pour les non plongeurs.<\/p>\n\n\n\n<p>Ci-dessous le devis avec les diff\u00e9rentes options possibles.&nbsp;<\/p>\n\n\n\n<p><strong>Ces options seront \u00e0 pr\u00e9ciser par mail d\u00e8s votre inscription \u00e0 l&rsquo;adresse mail suivante :\u00a0\u00a0<a href=\"mailto:jm.noel51@gmail.com\" target=\"_blank\" rel=\"noreferrer noopener\">jm.noel51@gmail.com<\/a><\/strong>\u00a0 (nitrox, parking, vue mer, chambre single)<\/p>\n\n\n\n<div data-wp-interactive=\"core\/file\" class=\"wp-block-file\"><object data-wp-bind--hidden=\"!state.hasPdfPreview\" hidden class=\"wp-block-file__embed\" data=\"https:\/\/www.hgc-reims.com\/wp-content\/uploads\/2026\/01\/DEVIS-OCTOBRE-JEAN-MARIE-NOEL-6-NUITS-2026.pdf\" type=\"application\/pdf\" style=\"width:100%;height:600px\" aria-label=\"Contenu embarqu\u00e9 DEVIS  OCTOBRE JEAN MARIE NOEL (6 NUITS) 2026.\"><\/object><a id=\"wp-block-file--media-2f20cb4b-e257-4914-b3bf-ec1ee598269e\" href=\"https:\/\/www.hgc-reims.com\/wp-content\/uploads\/2026\/01\/DEVIS-OCTOBRE-JEAN-MARIE-NOEL-6-NUITS-2026.pdf\">DEVIS  OCTOBRE JEAN MARIE NOEL (6 NUITS) 2026<\/a><a href=\"https:\/\/www.hgc-reims.com\/wp-content\/uploads\/2026\/01\/DEVIS-OCTOBRE-JEAN-MARIE-NOEL-6-NUITS-2026.pdf\" class=\"wp-block-file__button wp-element-button\" download aria-describedby=\"wp-block-file--media-2f20cb4b-e257-4914-b3bf-ec1ee598269e\">T\u00e9l\u00e9charger<\/a><\/div>\n\n\n\n<p><\/p>\n","protected":false},"excerpt":{"rendered":"<p>Le club organise une sortie \u00e0 l\u2019ESTARTIT du 11 au 17 octobre 2026. S\u00e9jour \u00e0 l\u2019h\u00f4tel Panorama et plong\u00e9es avec le club El Rei Del Mar. Cette sortie est ouverte \u00e0 tous les niveaux de plong\u00e9e mais les plongeurs non autonomes (niveaux 1 et PE 40) devront prendre un encadrement sur place au club de &hellip; <a href=\"https:\/\/www.hgc-reims.com\/?p=8032\" class=\"more-link\">Continuer la lecture de <span class=\"screen-reader-text\">Sortie Estartit 2026<\/span>  <span class=\"meta-nav\">&rarr;<\/span><\/a><\/p>\n","protected":false},"author":1,"featured_media":0,"comment_status":"closed","ping_status":"closed","sticky":false,"template":"","format":"standard","meta":{"footnotes":""},"categories":[7,26,23],"tags":[5,27,24],"class_list":["post-8032","post","type-post","status-publish","format-standard","hentry","category-news","category-sorties","category-vie-du-club","tag-news","tag-sorties","tag-vie-du-club","gallery-content-unit"],"post_mailing_queue_ids":[],"_links":{"self":[{"href":"https:\/\/www.hgc-reims.com\/index.php?rest_route=\/wp\/v2\/posts\/8032","targetHints":{"allow":["GET"]}}],"collection":[{"href":"https:\/\/www.hgc-reims.com\/index.php?rest_route=\/wp\/v2\/posts"}],"about":[{"href":"https:\/\/www.hgc-reims.com\/index.php?rest_route=\/wp\/v2\/types\/post"}],"author":[{"embeddable":true,"href":"https:\/\/www.hgc-reims.com\/index.php?rest_route=\/wp\/v2\/users\/1"}],"replies":[{"embeddable":true,"href":"https:\/\/www.hgc-reims.com\/index.php?rest_route=%2Fwp%2Fv2%2Fcomments&post=8032"}],"version-history":[{"count":1,"href":"https:\/\/www.hgc-reims.com\/index.php?rest_route=\/wp\/v2\/posts\/8032\/revisions"}],"predecessor-version":[{"id":8034,"href":"https:\/\/www.hgc-reims.com\/index.php?rest_route=\/wp\/v2\/posts\/8032\/revisions\/8034"}],"wp:attachment":[{"href":"https:\/\/www.hgc-reims.com\/index.php?rest_route=%2Fwp%2Fv2%2Fmedia&parent=8032"}],"wp:term":[{"taxonomy":"category","embeddable":true,"href":"https:\/\/www.hgc-reims.com\/index.php?rest_route=%2Fwp%2Fv2%2Fcategories&post=8032"},{"taxonomy":"post_tag","embeddable":true,"href":"https:\/\/www.hgc-reims.com\/index.php?rest_route=%2Fwp%2Fv2%2Ftags&post=8032"}],"curies":[{"name":"wp","href":"https:\/\/api.w.org\/{rel}","templated":true}]}}