{"id":6059,"date":"2024-06-27T20:26:22","date_gmt":"2024-06-27T18:26:22","guid":{"rendered":"https:\/\/www.hgc-reims.com\/?p=6059"},"modified":"2024-06-27T20:26:23","modified_gmt":"2024-06-27T18:26:23","slug":"avis-de-deces-2","status":"publish","type":"post","link":"https:\/\/www.hgc-reims.com\/?p=6059","title":{"rendered":"Avis de d\u00e9c\u00e8s"},"content":{"rendered":"\n<p><strong>La communaut\u00e9 des plongeurs a appris ce mercredi la disparition d&rsquo;un des membres fondateurs du club des Hommes Grenouilles de Champagne dont il a aussi \u00e9t\u00e9 le Pr\u00e9sident pendant des dizaines d&rsquo;ann\u00e9es.&nbsp;<\/strong><strong>Gabriel VASSEUR est d\u00e9c\u00e9d\u00e9 lundi 24 Juin 2024 dans sa 80eme ann\u00e9e.&nbsp;<\/strong><\/p>\n\n\n\n<p><strong>Au-del\u00e0 de son club d&rsquo;appartenance, il avait pris des responsabilit\u00e9s jusqu&rsquo;au niveau national de la F\u00e9d\u00e9ration Fran\u00e7aise d&rsquo;Etudes et de Sports Sous Marins sans jamais se couper de ses amis plongeurs et plongeuses Champenois.&nbsp;<\/strong><\/p>\n\n\n\n<p><strong>Au travers de son d\u00e9vouement \u00e0 la promotion de la plong\u00e9e sous-marine et la formation des\u00a0plongeurs pendant plus de soixante ans, nous lui devons tous quelque chose\u00a0aujourd&rsquo;hui dans la pratique de notre discipline favorite. <\/strong><strong>Le club des HGCR adresse \u00e0 ses proches et \u00e0 sa famille ses sinc\u00e8res condol\u00e9ances. Que Gaby repose en paix au paradis des plongeurs !<\/strong><\/p>\n\n\n\n<p><strong>Pour celles et ceux qui veulent venir lui rendre hommage, ses obs\u00e8ques auront lieu mardi 2 juillet 2024 \u00e0 13h30 en l&rsquo;\u00e9glise Sainte-Pudentienne \u00e0 Ch\u00e2lons-en-Champagne.<\/strong><\/p>\n\n\n\n<figure class=\"wp-block-gallery has-nested-images columns-default is-cropped wp-block-gallery-1 is-layout-flex wp-block-gallery-is-layout-flex\">\n<figure class=\"wp-block-image size-large\"><a href=\"https:\/\/www.hgc-reims.com\/wp-content\/uploads\/2024\/06\/GABRIEL-VASSEUR.jpg\"><img loading=\"lazy\" decoding=\"async\" width=\"568\" height=\"422\" data-id=\"6060\" src=\"https:\/\/www.hgc-reims.com\/wp-content\/uploads\/2024\/06\/GABRIEL-VASSEUR.jpg\" alt=\"\" class=\"wp-image-6060\" srcset=\"https:\/\/www.hgc-reims.com\/wp-content\/uploads\/2024\/06\/GABRIEL-VASSEUR.jpg 568w, https:\/\/www.hgc-reims.com\/wp-content\/uploads\/2024\/06\/GABRIEL-VASSEUR-300x223.jpg 300w\" sizes=\"auto, (max-width: 568px) 100vw, 568px\" \/><\/a><\/figure>\n\n\n\n<figure class=\"wp-block-image size-large\"><a href=\"https:\/\/www.hgc-reims.com\/wp-content\/uploads\/2024\/06\/GABY-VASSEUR-02.jpg\"><img loading=\"lazy\" decoding=\"async\" width=\"1024\" height=\"568\" data-id=\"6061\" src=\"https:\/\/www.hgc-reims.com\/wp-content\/uploads\/2024\/06\/GABY-VASSEUR-02-1024x568.jpg\" alt=\"\" class=\"wp-image-6061\" srcset=\"https:\/\/www.hgc-reims.com\/wp-content\/uploads\/2024\/06\/GABY-VASSEUR-02-1024x568.jpg 1024w, https:\/\/www.hgc-reims.com\/wp-content\/uploads\/2024\/06\/GABY-VASSEUR-02-300x166.jpg 300w, https:\/\/www.hgc-reims.com\/wp-content\/uploads\/2024\/06\/GABY-VASSEUR-02-768x426.jpg 768w, https:\/\/www.hgc-reims.com\/wp-content\/uploads\/2024\/06\/GABY-VASSEUR-02-1536x852.jpg 1536w, https:\/\/www.hgc-reims.com\/wp-content\/uploads\/2024\/06\/GABY-VASSEUR-02-672x372.jpg 672w, https:\/\/www.hgc-reims.com\/wp-content\/uploads\/2024\/06\/GABY-VASSEUR-02-1038x576.jpg 1038w, https:\/\/www.hgc-reims.com\/wp-content\/uploads\/2024\/06\/GABY-VASSEUR-02.jpg 1668w\" sizes=\"auto, (max-width: 1024px) 100vw, 1024px\" \/><\/a><\/figure>\n<\/figure>\n","protected":false},"excerpt":{"rendered":"<p>La communaut\u00e9 des plongeurs a appris ce mercredi la disparition d&rsquo;un des membres fondateurs du club des Hommes Grenouilles de Champagne dont il a aussi \u00e9t\u00e9 le Pr\u00e9sident pendant des dizaines d&rsquo;ann\u00e9es.&nbsp;Gabriel VASSEUR est d\u00e9c\u00e9d\u00e9 lundi 24 Juin 2024 dans sa 80eme ann\u00e9e.&nbsp; Au-del\u00e0 de son club d&rsquo;appartenance, il avait pris des responsabilit\u00e9s jusqu&rsquo;au niveau &hellip; <a href=\"https:\/\/www.hgc-reims.com\/?p=6059\" class=\"more-link\">Continuer la lecture de <span class=\"screen-reader-text\">Avis de d\u00e9c\u00e8s<\/span>  <span class=\"meta-nav\">&rarr;<\/span><\/a><\/p>\n","protected":false},"author":1,"featured_media":0,"comment_status":"closed","ping_status":"closed","sticky":false,"template":"","format":"standard","meta":{"footnotes":""},"categories":[7,23],"tags":[5,24],"class_list":["post-6059","post","type-post","status-publish","format-standard","hentry","category-news","category-vie-du-club","tag-news","tag-vie-du-club","gallery-content-unit"],"post_mailing_queue_ids":[],"_links":{"self":[{"href":"https:\/\/www.hgc-reims.com\/index.php?rest_route=\/wp\/v2\/posts\/6059","targetHints":{"allow":["GET"]}}],"collection":[{"href":"https:\/\/www.hgc-reims.com\/index.php?rest_route=\/wp\/v2\/posts"}],"about":[{"href":"https:\/\/www.hgc-reims.com\/index.php?rest_route=\/wp\/v2\/types\/post"}],"author":[{"embeddable":true,"href":"https:\/\/www.hgc-reims.com\/index.php?rest_route=\/wp\/v2\/users\/1"}],"replies":[{"embeddable":true,"href":"https:\/\/www.hgc-reims.com\/index.php?rest_route=%2Fwp%2Fv2%2Fcomments&post=6059"}],"version-history":[{"count":1,"href":"https:\/\/www.hgc-reims.com\/index.php?rest_route=\/wp\/v2\/posts\/6059\/revisions"}],"predecessor-version":[{"id":6062,"href":"https:\/\/www.hgc-reims.com\/index.php?rest_route=\/wp\/v2\/posts\/6059\/revisions\/6062"}],"wp:attachment":[{"href":"https:\/\/www.hgc-reims.com\/index.php?rest_route=%2Fwp%2Fv2%2Fmedia&parent=6059"}],"wp:term":[{"taxonomy":"category","embeddable":true,"href":"https:\/\/www.hgc-reims.com\/index.php?rest_route=%2Fwp%2Fv2%2Fcategories&post=6059"},{"taxonomy":"post_tag","embeddable":true,"href":"https:\/\/www.hgc-reims.com\/index.php?rest_route=%2Fwp%2Fv2%2Ftags&post=6059"}],"curies":[{"name":"wp","href":"https:\/\/api.w.org\/{rel}","templated":true}]}}