{"id":5770,"date":"2024-02-26T18:00:00","date_gmt":"2024-02-26T17:00:00","guid":{"rendered":"https:\/\/www.hgc-reims.com\/?p=5770"},"modified":"2024-02-26T15:13:04","modified_gmt":"2024-02-26T14:13:04","slug":"exposition-photos-a-la-maison-de-la-vie-associative-a-tinqueux","status":"publish","type":"post","link":"https:\/\/www.hgc-reims.com\/?p=5770","title":{"rendered":"Exposition photos \u00e0 la Maison de la Vie Associative \u00e0 Tinqueux"},"content":{"rendered":"\n<p><\/p>\n\n\n\n<p><strong>La commission Photo Vid\u00e9o fait une exposition photos \u00e0 la Maison de la Vie Associative \u00e0 Tinqueux du 11 mars au 5 avril prochain.<\/strong><\/p>\n\n\n\n<p><strong>Cette exposition est compos\u00e9e des photos des plongeurs photographes du club. Elle est r\u00e9alis\u00e9e en collaboration avec l\u2019association Partag\u2019Evasion pour qui nous r\u00e9aliserons des bapt\u00eames de plong\u00e9e.<\/strong><\/p>\n\n\n\n<p><strong>Venez nombreux r\u00eaver devant les poissons des diff\u00e9rentes mers du monde!<\/strong><\/p>\n\n\n<div class=\"wp-block-image\">\n<figure class=\"aligncenter size-large\"><a href=\"https:\/\/www.hgc-reims.com\/wp-content\/uploads\/2024\/02\/affiche-exposition-photos-TINQUEUX.jpg\"><img loading=\"lazy\" decoding=\"async\" width=\"724\" height=\"1024\" src=\"https:\/\/www.hgc-reims.com\/wp-content\/uploads\/2024\/02\/affiche-exposition-photos-TINQUEUX-724x1024.jpg\" alt=\"\" class=\"wp-image-5771\" srcset=\"https:\/\/www.hgc-reims.com\/wp-content\/uploads\/2024\/02\/affiche-exposition-photos-TINQUEUX-724x1024.jpg 724w, https:\/\/www.hgc-reims.com\/wp-content\/uploads\/2024\/02\/affiche-exposition-photos-TINQUEUX-212x300.jpg 212w, https:\/\/www.hgc-reims.com\/wp-content\/uploads\/2024\/02\/affiche-exposition-photos-TINQUEUX-768x1086.jpg 768w, https:\/\/www.hgc-reims.com\/wp-content\/uploads\/2024\/02\/affiche-exposition-photos-TINQUEUX-1086x1536.jpg 1086w, https:\/\/www.hgc-reims.com\/wp-content\/uploads\/2024\/02\/affiche-exposition-photos-TINQUEUX.jpg 1240w\" sizes=\"auto, (max-width: 724px) 100vw, 724px\" \/><\/a><\/figure>\n<\/div>","protected":false},"excerpt":{"rendered":"<p>La commission Photo Vid\u00e9o fait une exposition photos \u00e0 la Maison de la Vie Associative \u00e0 Tinqueux du 11 mars au 5 avril prochain. Cette exposition est compos\u00e9e des photos des plongeurs photographes du club. Elle est r\u00e9alis\u00e9e en collaboration avec l\u2019association Partag\u2019Evasion pour qui nous r\u00e9aliserons des bapt\u00eames de plong\u00e9e. Venez nombreux r\u00eaver devant &hellip; <a href=\"https:\/\/www.hgc-reims.com\/?p=5770\" class=\"more-link\">Continuer la lecture de <span class=\"screen-reader-text\">Exposition photos \u00e0 la Maison de la Vie Associative \u00e0 Tinqueux<\/span>  <span class=\"meta-nav\">&rarr;<\/span><\/a><\/p>\n","protected":false},"author":1,"featured_media":0,"comment_status":"closed","ping_status":"closed","sticky":false,"template":"","format":"standard","meta":{"footnotes":""},"categories":[20,7,23],"tags":[22,5,24],"class_list":["post-5770","post","type-post","status-publish","format-standard","hentry","category-audio","category-news","category-vie-du-club","tag-audio","tag-news","tag-vie-du-club","gallery-content-unit"],"post_mailing_queue_ids":[],"_links":{"self":[{"href":"https:\/\/www.hgc-reims.com\/index.php?rest_route=\/wp\/v2\/posts\/5770","targetHints":{"allow":["GET"]}}],"collection":[{"href":"https:\/\/www.hgc-reims.com\/index.php?rest_route=\/wp\/v2\/posts"}],"about":[{"href":"https:\/\/www.hgc-reims.com\/index.php?rest_route=\/wp\/v2\/types\/post"}],"author":[{"embeddable":true,"href":"https:\/\/www.hgc-reims.com\/index.php?rest_route=\/wp\/v2\/users\/1"}],"replies":[{"embeddable":true,"href":"https:\/\/www.hgc-reims.com\/index.php?rest_route=%2Fwp%2Fv2%2Fcomments&post=5770"}],"version-history":[{"count":2,"href":"https:\/\/www.hgc-reims.com\/index.php?rest_route=\/wp\/v2\/posts\/5770\/revisions"}],"predecessor-version":[{"id":5773,"href":"https:\/\/www.hgc-reims.com\/index.php?rest_route=\/wp\/v2\/posts\/5770\/revisions\/5773"}],"wp:attachment":[{"href":"https:\/\/www.hgc-reims.com\/index.php?rest_route=%2Fwp%2Fv2%2Fmedia&parent=5770"}],"wp:term":[{"taxonomy":"category","embeddable":true,"href":"https:\/\/www.hgc-reims.com\/index.php?rest_route=%2Fwp%2Fv2%2Fcategories&post=5770"},{"taxonomy":"post_tag","embeddable":true,"href":"https:\/\/www.hgc-reims.com\/index.php?rest_route=%2Fwp%2Fv2%2Ftags&post=5770"}],"curies":[{"name":"wp","href":"https:\/\/api.w.org\/{rel}","templated":true}]}}