{"id":4903,"date":"2023-02-09T16:17:19","date_gmt":"2023-02-09T15:17:19","guid":{"rendered":"https:\/\/www.hgc-reims.com\/?p=4903"},"modified":"2023-02-09T16:17:20","modified_gmt":"2023-02-09T15:17:20","slug":"arret-des-entrainements-piscine-pendant-les-vacances-scolaires-2","status":"publish","type":"post","link":"https:\/\/www.hgc-reims.com\/?p=4903","title":{"rendered":"ARRET DES ENTRAINEMENTS PISCINE PENDANT LES VACANCES SCOLAIRES"},"content":{"rendered":"\n<p><\/p>\n\n\n\n<p>Nous n\u2019avons pas acc\u00e8s \u00e0 la piscine pendant les vacances de f\u00e9vrier.<\/p>\n\n\n\n<p>Les&nbsp;entra\u00eenements sont&nbsp;donc suspendus du 13 au 26 f\u00e9vrier.<\/p>\n\n\n\n<p>Reprise aux Thiolettes le lundi 27 f\u00e9vrier et \u00e0 Orgeval le mercredi 1<sup>er<\/sup> mars.<\/p>\n\n\n\n<p><\/p>\n","protected":false},"excerpt":{"rendered":"<p>Nous n\u2019avons pas acc\u00e8s \u00e0 la piscine pendant les vacances de f\u00e9vrier. Les&nbsp;entra\u00eenements sont&nbsp;donc suspendus du 13 au 26 f\u00e9vrier. Reprise aux Thiolettes le lundi 27 f\u00e9vrier et \u00e0 Orgeval le mercredi 1er mars.<\/p>\n","protected":false},"author":1,"featured_media":0,"comment_status":"closed","ping_status":"closed","sticky":false,"template":"","format":"standard","meta":{"footnotes":""},"categories":[7,23],"tags":[5,24],"class_list":["post-4903","post","type-post","status-publish","format-standard","hentry","category-news","category-vie-du-club","tag-news","tag-vie-du-club","gallery-content-unit"],"post_mailing_queue_ids":[],"_links":{"self":[{"href":"https:\/\/www.hgc-reims.com\/index.php?rest_route=\/wp\/v2\/posts\/4903","targetHints":{"allow":["GET"]}}],"collection":[{"href":"https:\/\/www.hgc-reims.com\/index.php?rest_route=\/wp\/v2\/posts"}],"about":[{"href":"https:\/\/www.hgc-reims.com\/index.php?rest_route=\/wp\/v2\/types\/post"}],"author":[{"embeddable":true,"href":"https:\/\/www.hgc-reims.com\/index.php?rest_route=\/wp\/v2\/users\/1"}],"replies":[{"embeddable":true,"href":"https:\/\/www.hgc-reims.com\/index.php?rest_route=%2Fwp%2Fv2%2Fcomments&post=4903"}],"version-history":[{"count":1,"href":"https:\/\/www.hgc-reims.com\/index.php?rest_route=\/wp\/v2\/posts\/4903\/revisions"}],"predecessor-version":[{"id":4904,"href":"https:\/\/www.hgc-reims.com\/index.php?rest_route=\/wp\/v2\/posts\/4903\/revisions\/4904"}],"wp:attachment":[{"href":"https:\/\/www.hgc-reims.com\/index.php?rest_route=%2Fwp%2Fv2%2Fmedia&parent=4903"}],"wp:term":[{"taxonomy":"category","embeddable":true,"href":"https:\/\/www.hgc-reims.com\/index.php?rest_route=%2Fwp%2Fv2%2Fcategories&post=4903"},{"taxonomy":"post_tag","embeddable":true,"href":"https:\/\/www.hgc-reims.com\/index.php?rest_route=%2Fwp%2Fv2%2Ftags&post=4903"}],"curies":[{"name":"wp","href":"https:\/\/api.w.org\/{rel}","templated":true}]}}