{"id":4898,"date":"2023-01-31T16:43:52","date_gmt":"2023-01-31T15:43:52","guid":{"rendered":"https:\/\/www.hgc-reims.com\/?p=4898"},"modified":"2023-01-31T16:43:53","modified_gmt":"2023-01-31T15:43:53","slug":"sejour-plongee-hgc-reims-a-bormes-les-mimosas","status":"publish","type":"post","link":"https:\/\/www.hgc-reims.com\/?p=4898","title":{"rendered":"S\u00e9jour plong\u00e9e HGC Reims \u00e0 Bormes les Mimosas"},"content":{"rendered":"\n<p><\/p>\n\n\n\n<p>Le s\u00e9jour plong\u00e9e se d\u00e9roulera au club \u00ab Bormes Plong\u00e9e \u00bb (<a rel=\"noreferrer noopener\" href=\"https:\/\/www.bormesplongee.fr\/le-centre\" target=\"_blank\">https:\/\/www.bormesplongee.fr\/le-centre<\/a>) situ\u00e9 face aux iles d\u2019Hy\u00e8res et du parc national de Port Cros.<\/p>\n\n\n\n<p>P\u00e9riode du samedi 10 juin 2023 au samedi 17 juin 2023<\/p>\n\n\n\n<p>Toutes les informations dans le document ci joint :<\/p>\n\n\n\n<div data-wp-interactive=\"core\/file\" class=\"wp-block-file\"><object data-wp-bind--hidden=\"!state.hasPdfPreview\" hidden class=\"wp-block-file__embed\" data=\"https:\/\/www.hgc-reims.com\/wp-content\/uploads\/2023\/01\/23-Sejour-HGC-Bormes.pdf\" type=\"application\/pdf\" style=\"width:100%;height:600px\" aria-label=\"Contenu embarqu\u00e9 23-Sejour-HGC-Bormes.\"><\/object><a id=\"wp-block-file--media-fa8a9616-d6e4-4aa0-9c59-05bf6c3c2358\" href=\"https:\/\/www.hgc-reims.com\/wp-content\/uploads\/2023\/01\/23-Sejour-HGC-Bormes.pdf\">23-Sejour-HGC-Bormes<\/a><a href=\"https:\/\/www.hgc-reims.com\/wp-content\/uploads\/2023\/01\/23-Sejour-HGC-Bormes.pdf\" class=\"wp-block-file__button wp-element-button\" download aria-describedby=\"wp-block-file--media-fa8a9616-d6e4-4aa0-9c59-05bf6c3c2358\">T\u00e9l\u00e9charger<\/a><\/div>\n\n\n\n<p><\/p>\n\n\n\n<p><\/p>\n\n\n\n<p><strong>Date limite inscription : 26 f\u00e9vrier <\/strong><\/p>\n\n\n\n<p><\/p>\n","protected":false},"excerpt":{"rendered":"<p>Le s\u00e9jour plong\u00e9e se d\u00e9roulera au club \u00ab Bormes Plong\u00e9e \u00bb (https:\/\/www.bormesplongee.fr\/le-centre) situ\u00e9 face aux iles d\u2019Hy\u00e8res et du parc national de Port Cros. P\u00e9riode du samedi 10 juin 2023 au samedi 17 juin 2023 Toutes les informations dans le document ci joint : Date limite inscription : 26 f\u00e9vrier<\/p>\n","protected":false},"author":1,"featured_media":0,"comment_status":"closed","ping_status":"closed","sticky":false,"template":"","format":"standard","meta":{"footnotes":""},"categories":[7,26,23],"tags":[5,27,24],"class_list":["post-4898","post","type-post","status-publish","format-standard","hentry","category-news","category-sorties","category-vie-du-club","tag-news","tag-sorties","tag-vie-du-club","gallery-content-unit"],"post_mailing_queue_ids":[],"_links":{"self":[{"href":"https:\/\/www.hgc-reims.com\/index.php?rest_route=\/wp\/v2\/posts\/4898","targetHints":{"allow":["GET"]}}],"collection":[{"href":"https:\/\/www.hgc-reims.com\/index.php?rest_route=\/wp\/v2\/posts"}],"about":[{"href":"https:\/\/www.hgc-reims.com\/index.php?rest_route=\/wp\/v2\/types\/post"}],"author":[{"embeddable":true,"href":"https:\/\/www.hgc-reims.com\/index.php?rest_route=\/wp\/v2\/users\/1"}],"replies":[{"embeddable":true,"href":"https:\/\/www.hgc-reims.com\/index.php?rest_route=%2Fwp%2Fv2%2Fcomments&post=4898"}],"version-history":[{"count":2,"href":"https:\/\/www.hgc-reims.com\/index.php?rest_route=\/wp\/v2\/posts\/4898\/revisions"}],"predecessor-version":[{"id":4901,"href":"https:\/\/www.hgc-reims.com\/index.php?rest_route=\/wp\/v2\/posts\/4898\/revisions\/4901"}],"wp:attachment":[{"href":"https:\/\/www.hgc-reims.com\/index.php?rest_route=%2Fwp%2Fv2%2Fmedia&parent=4898"}],"wp:term":[{"taxonomy":"category","embeddable":true,"href":"https:\/\/www.hgc-reims.com\/index.php?rest_route=%2Fwp%2Fv2%2Fcategories&post=4898"},{"taxonomy":"post_tag","embeddable":true,"href":"https:\/\/www.hgc-reims.com\/index.php?rest_route=%2Fwp%2Fv2%2Ftags&post=4898"}],"curies":[{"name":"wp","href":"https:\/\/api.w.org\/{rel}","templated":true}]}}