{"id":4748,"date":"2022-11-02T12:09:27","date_gmt":"2022-11-02T11:09:27","guid":{"rendered":"https:\/\/www.hgc-reims.com\/?p=4748"},"modified":"2022-11-02T12:09:27","modified_gmt":"2022-11-02T11:09:27","slug":"premieres-plongees-a-lheure-dhiver-pour-les-hgc-reims-a-rochefontaine","status":"publish","type":"post","link":"https:\/\/www.hgc-reims.com\/?p=4748","title":{"rendered":"<strong>Premi\u00e8res plong\u00e9es \u00e0 l\u2019heure d\u2019hiver pour les HGC-Reims, \u00e0 Rochefontaine<\/strong>"},"content":{"rendered":"\n<p>Ceux qui n\u2019ont pu partir fr\u00e9quenter les eaux chaudes de la mer rouge, ont n\u00e9anmoins pu trouver une agr\u00e9able consolation lors de cette sortie \u00e0 Rochefontaine, dirig\u00e9e avec brio par Sylvain.<\/p>\n\n\n\n<p>13 plongeurs et une accompagnatrice \u2013 aucune place n\u2019a \u00e9t\u00e9 permise au&nbsp; mauvais \u0153il, merci Virginie &nbsp;&#8211;&nbsp; se sont retrouv\u00e9s \u00e0 la bonne heure d\u2019hiver sur la place de Villers le Gambon pour entamer une journ\u00e9e de plong\u00e9e plac\u00e9e sous le signe de la convivialit\u00e9 et d\u2019une douceur quasi estivale.<\/p>\n\n\n\n<p>Cinq palanqu\u00e9es, dont une d\u2019autonomes, ont pu \u00e9voluer dans une eau correcte et \u00e0 12 degr\u00e9s.<\/p>\n\n\n\n<p>David a pu entamer les p\u00e9da. pratiques de son futur MF1 sous l\u2019\u0153il expert de Sylvain.<\/p>\n\n\n\n<p>C\u00e9dric, Matthieu et Julie ont pu valider leur qualification Nitrox sous la direction avis\u00e9e de Jean-Jacques.<\/p>\n\n\n\n<p>Christophe et Clara ont pu valider une comp\u00e9tence de plus sur leur feuille de progression, l\u2019obtention du niveau convoit\u00e9 se rapprochant d\u2019autant.<\/p>\n\n\n\n<p>Christian et Marc sont partis \u00e0 la d\u00e9couverte du Polyodon spathula et l\u2019ont trouv\u00e9.<\/p>\n\n\n\n<p>Le tout agr\u00e9ment\u00e9 de briefings sous le soleil, d\u2019un bon repas accompagn\u00e9 d\u2019un verre de la divine boisson locale et de la bonne humeur de chacun.<\/p>\n\n\n\n<p> Vivement la prochaine&nbsp;!<\/p>\n\n\n\n<figure class=\"wp-block-gallery has-nested-images columns-default is-cropped wp-block-gallery-1 is-layout-flex wp-block-gallery-is-layout-flex\">\n<figure class=\"wp-block-image size-large\"><a href=\"https:\/\/www.hgc-reims.com\/wp-content\/uploads\/2022\/11\/DSC_3598-2-1-scaled.jpg\"><img loading=\"lazy\" decoding=\"async\" width=\"1024\" height=\"707\" data-id=\"4761\" src=\"https:\/\/www.hgc-reims.com\/wp-content\/uploads\/2022\/11\/DSC_3598-2-1-1024x707.jpg\" alt=\"\" class=\"wp-image-4761\" srcset=\"https:\/\/www.hgc-reims.com\/wp-content\/uploads\/2022\/11\/DSC_3598-2-1-1024x707.jpg 1024w, https:\/\/www.hgc-reims.com\/wp-content\/uploads\/2022\/11\/DSC_3598-2-1-300x207.jpg 300w, https:\/\/www.hgc-reims.com\/wp-content\/uploads\/2022\/11\/DSC_3598-2-1-768x530.jpg 768w, https:\/\/www.hgc-reims.com\/wp-content\/uploads\/2022\/11\/DSC_3598-2-1-1536x1061.jpg 1536w, https:\/\/www.hgc-reims.com\/wp-content\/uploads\/2022\/11\/DSC_3598-2-1-2048x1415.jpg 2048w\" sizes=\"auto, (max-width: 1024px) 100vw, 1024px\" \/><\/a><\/figure>\n\n\n\n<figure class=\"wp-block-image size-large\"><a href=\"https:\/\/www.hgc-reims.com\/wp-content\/uploads\/2022\/11\/DSC_3594-1-scaled.jpg\"><img loading=\"lazy\" decoding=\"async\" width=\"1024\" height=\"683\" data-id=\"4760\" src=\"https:\/\/www.hgc-reims.com\/wp-content\/uploads\/2022\/11\/DSC_3594-1-1024x683.jpg\" alt=\"\" class=\"wp-image-4760\" srcset=\"https:\/\/www.hgc-reims.com\/wp-content\/uploads\/2022\/11\/DSC_3594-1-1024x683.jpg 1024w, https:\/\/www.hgc-reims.com\/wp-content\/uploads\/2022\/11\/DSC_3594-1-300x200.jpg 300w, https:\/\/www.hgc-reims.com\/wp-content\/uploads\/2022\/11\/DSC_3594-1-768x512.jpg 768w, https:\/\/www.hgc-reims.com\/wp-content\/uploads\/2022\/11\/DSC_3594-1-1536x1024.jpg 1536w, https:\/\/www.hgc-reims.com\/wp-content\/uploads\/2022\/11\/DSC_3594-1-2048x1365.jpg 2048w\" sizes=\"auto, (max-width: 1024px) 100vw, 1024px\" \/><\/a><\/figure>\n\n\n\n<figure class=\"wp-block-image size-large\"><a href=\"https:\/\/www.hgc-reims.com\/wp-content\/uploads\/2022\/11\/DSC_3589-2-1-scaled.jpg\"><img loading=\"lazy\" decoding=\"async\" width=\"1024\" height=\"698\" data-id=\"4759\" src=\"https:\/\/www.hgc-reims.com\/wp-content\/uploads\/2022\/11\/DSC_3589-2-1-1024x698.jpg\" alt=\"\" class=\"wp-image-4759\" srcset=\"https:\/\/www.hgc-reims.com\/wp-content\/uploads\/2022\/11\/DSC_3589-2-1-1024x698.jpg 1024w, https:\/\/www.hgc-reims.com\/wp-content\/uploads\/2022\/11\/DSC_3589-2-1-300x205.jpg 300w, https:\/\/www.hgc-reims.com\/wp-content\/uploads\/2022\/11\/DSC_3589-2-1-768x524.jpg 768w, https:\/\/www.hgc-reims.com\/wp-content\/uploads\/2022\/11\/DSC_3589-2-1-1536x1048.jpg 1536w, https:\/\/www.hgc-reims.com\/wp-content\/uploads\/2022\/11\/DSC_3589-2-1-2048x1397.jpg 2048w\" sizes=\"auto, (max-width: 1024px) 100vw, 1024px\" \/><\/a><\/figure>\n\n\n\n<figure class=\"wp-block-image size-large\"><a href=\"https:\/\/www.hgc-reims.com\/wp-content\/uploads\/2022\/11\/DSC_3586-2-1-scaled.jpg\"><img loading=\"lazy\" decoding=\"async\" width=\"1024\" height=\"677\" data-id=\"4758\" src=\"https:\/\/www.hgc-reims.com\/wp-content\/uploads\/2022\/11\/DSC_3586-2-1-1024x677.jpg\" alt=\"\" class=\"wp-image-4758\" srcset=\"https:\/\/www.hgc-reims.com\/wp-content\/uploads\/2022\/11\/DSC_3586-2-1-1024x677.jpg 1024w, https:\/\/www.hgc-reims.com\/wp-content\/uploads\/2022\/11\/DSC_3586-2-1-300x198.jpg 300w, https:\/\/www.hgc-reims.com\/wp-content\/uploads\/2022\/11\/DSC_3586-2-1-768x508.jpg 768w, https:\/\/www.hgc-reims.com\/wp-content\/uploads\/2022\/11\/DSC_3586-2-1-1536x1016.jpg 1536w, https:\/\/www.hgc-reims.com\/wp-content\/uploads\/2022\/11\/DSC_3586-2-1-2048x1354.jpg 2048w\" sizes=\"auto, (max-width: 1024px) 100vw, 1024px\" \/><\/a><\/figure>\n\n\n\n<figure class=\"wp-block-image size-large\"><a href=\"https:\/\/www.hgc-reims.com\/wp-content\/uploads\/2022\/11\/DSC_3583-1-scaled.jpg\"><img loading=\"lazy\" decoding=\"async\" width=\"1024\" height=\"683\" data-id=\"4757\" src=\"https:\/\/www.hgc-reims.com\/wp-content\/uploads\/2022\/11\/DSC_3583-1-1024x683.jpg\" alt=\"\" class=\"wp-image-4757\" srcset=\"https:\/\/www.hgc-reims.com\/wp-content\/uploads\/2022\/11\/DSC_3583-1-1024x683.jpg 1024w, https:\/\/www.hgc-reims.com\/wp-content\/uploads\/2022\/11\/DSC_3583-1-300x200.jpg 300w, https:\/\/www.hgc-reims.com\/wp-content\/uploads\/2022\/11\/DSC_3583-1-768x512.jpg 768w, https:\/\/www.hgc-reims.com\/wp-content\/uploads\/2022\/11\/DSC_3583-1-1536x1024.jpg 1536w, https:\/\/www.hgc-reims.com\/wp-content\/uploads\/2022\/11\/DSC_3583-1-2048x1365.jpg 2048w\" sizes=\"auto, (max-width: 1024px) 100vw, 1024px\" \/><\/a><\/figure>\n\n\n\n<figure class=\"wp-block-image size-large\"><a href=\"https:\/\/www.hgc-reims.com\/wp-content\/uploads\/2022\/11\/DSC_3582-1-scaled.jpg\"><img loading=\"lazy\" decoding=\"async\" width=\"1024\" height=\"683\" data-id=\"4756\" src=\"https:\/\/www.hgc-reims.com\/wp-content\/uploads\/2022\/11\/DSC_3582-1-1024x683.jpg\" alt=\"\" class=\"wp-image-4756\" srcset=\"https:\/\/www.hgc-reims.com\/wp-content\/uploads\/2022\/11\/DSC_3582-1-1024x683.jpg 1024w, https:\/\/www.hgc-reims.com\/wp-content\/uploads\/2022\/11\/DSC_3582-1-300x200.jpg 300w, https:\/\/www.hgc-reims.com\/wp-content\/uploads\/2022\/11\/DSC_3582-1-768x512.jpg 768w, https:\/\/www.hgc-reims.com\/wp-content\/uploads\/2022\/11\/DSC_3582-1-1536x1024.jpg 1536w, https:\/\/www.hgc-reims.com\/wp-content\/uploads\/2022\/11\/DSC_3582-1-2048x1365.jpg 2048w\" sizes=\"auto, (max-width: 1024px) 100vw, 1024px\" \/><\/a><\/figure>\n<\/figure>\n\n\n\n<p><\/p>\n\n\n\n<p><\/p>\n","protected":false},"excerpt":{"rendered":"<p>Ceux qui n\u2019ont pu partir fr\u00e9quenter les eaux chaudes de la mer rouge, ont n\u00e9anmoins pu trouver une agr\u00e9able consolation lors de cette sortie \u00e0 Rochefontaine, dirig\u00e9e avec brio par Sylvain. 13 plongeurs et une accompagnatrice \u2013 aucune place n\u2019a \u00e9t\u00e9 permise au&nbsp; mauvais \u0153il, merci Virginie &nbsp;&#8211;&nbsp; se sont retrouv\u00e9s \u00e0 la bonne heure &hellip; <a href=\"https:\/\/www.hgc-reims.com\/?p=4748\" class=\"more-link\">Continuer la lecture de <span class=\"screen-reader-text\"><strong>Premi\u00e8res plong\u00e9es \u00e0 l\u2019heure d\u2019hiver pour les HGC-Reims, \u00e0 Rochefontaine<\/strong><\/span>  <span class=\"meta-nav\">&rarr;<\/span><\/a><\/p>\n","protected":false},"author":1,"featured_media":0,"comment_status":"closed","ping_status":"closed","sticky":false,"template":"","format":"standard","meta":{"footnotes":""},"categories":[7,26],"tags":[5,27],"class_list":["post-4748","post","type-post","status-publish","format-standard","hentry","category-news","category-sorties","tag-news","tag-sorties","gallery-content-unit"],"post_mailing_queue_ids":[],"_links":{"self":[{"href":"https:\/\/www.hgc-reims.com\/index.php?rest_route=\/wp\/v2\/posts\/4748","targetHints":{"allow":["GET"]}}],"collection":[{"href":"https:\/\/www.hgc-reims.com\/index.php?rest_route=\/wp\/v2\/posts"}],"about":[{"href":"https:\/\/www.hgc-reims.com\/index.php?rest_route=\/wp\/v2\/types\/post"}],"author":[{"embeddable":true,"href":"https:\/\/www.hgc-reims.com\/index.php?rest_route=\/wp\/v2\/users\/1"}],"replies":[{"embeddable":true,"href":"https:\/\/www.hgc-reims.com\/index.php?rest_route=%2Fwp%2Fv2%2Fcomments&post=4748"}],"version-history":[{"count":2,"href":"https:\/\/www.hgc-reims.com\/index.php?rest_route=\/wp\/v2\/posts\/4748\/revisions"}],"predecessor-version":[{"id":4762,"href":"https:\/\/www.hgc-reims.com\/index.php?rest_route=\/wp\/v2\/posts\/4748\/revisions\/4762"}],"wp:attachment":[{"href":"https:\/\/www.hgc-reims.com\/index.php?rest_route=%2Fwp%2Fv2%2Fmedia&parent=4748"}],"wp:term":[{"taxonomy":"category","embeddable":true,"href":"https:\/\/www.hgc-reims.com\/index.php?rest_route=%2Fwp%2Fv2%2Fcategories&post=4748"},{"taxonomy":"post_tag","embeddable":true,"href":"https:\/\/www.hgc-reims.com\/index.php?rest_route=%2Fwp%2Fv2%2Ftags&post=4748"}],"curies":[{"name":"wp","href":"https:\/\/api.w.org\/{rel}","templated":true}]}}