{"id":4706,"date":"2022-09-12T20:52:41","date_gmt":"2022-09-12T18:52:41","guid":{"rendered":"https:\/\/www.hgc-reims.com\/?p=4706"},"modified":"2022-09-12T20:54:48","modified_gmt":"2022-09-12T18:54:48","slug":"le-forum-des-associations-de-reims-10-et-11-septembre-2022","status":"publish","type":"post","link":"https:\/\/www.hgc-reims.com\/?p=4706","title":{"rendered":"LE FORUM DES ASSOCIATIONS de REIMS 10 et 11 SEPTEMBRE 2022"},"content":{"rendered":"\n<p><strong>Beaucoup de monde sur ces deux apr\u00e8s-midis au nouveau parc des expositions, Zone Farman.<br>Des contacts pour de futurs bapt\u00eames et de prochaines inscriptions.<br>Des rencontres de nouveaux et d&rsquo;anciens plongeurs, plongeuses.<br>Le tout dans la bonne humeur et dans de bonnes conditions mat\u00e9rielles.<br>Merci \u00e0 toutes celles et ceux qui ont aid\u00e9 au bon d\u00e9roulement !<\/strong><\/p>\n\n\n\n<figure class=\"wp-block-gallery has-nested-images columns-default is-cropped wp-block-gallery-1 is-layout-flex wp-block-gallery-is-layout-flex\">\n<figure class=\"wp-block-image size-large\"><a href=\"https:\/\/www.hgc-reims.com\/wp-content\/uploads\/2022\/09\/AFF-FORUM-ASSOC-2022.jpg\"><img loading=\"lazy\" decoding=\"async\" width=\"568\" height=\"854\" data-id=\"4708\" src=\"https:\/\/www.hgc-reims.com\/wp-content\/uploads\/2022\/09\/AFF-FORUM-ASSOC-2022.jpg\" alt=\"\" class=\"wp-image-4708\" srcset=\"https:\/\/www.hgc-reims.com\/wp-content\/uploads\/2022\/09\/AFF-FORUM-ASSOC-2022.jpg 568w, https:\/\/www.hgc-reims.com\/wp-content\/uploads\/2022\/09\/AFF-FORUM-ASSOC-2022-200x300.jpg 200w\" sizes=\"auto, (max-width: 568px) 100vw, 568px\" \/><\/a><\/figure>\n\n\n\n<figure class=\"wp-block-image size-large\"><a href=\"https:\/\/www.hgc-reims.com\/wp-content\/uploads\/2022\/09\/FORUM-ASSOC-2022-PHOTO-PASCALE-01.jpg\"><img loading=\"lazy\" decoding=\"async\" width=\"480\" height=\"640\" data-id=\"4707\" src=\"https:\/\/www.hgc-reims.com\/wp-content\/uploads\/2022\/09\/FORUM-ASSOC-2022-PHOTO-PASCALE-01.jpg\" alt=\"\" class=\"wp-image-4707\" srcset=\"https:\/\/www.hgc-reims.com\/wp-content\/uploads\/2022\/09\/FORUM-ASSOC-2022-PHOTO-PASCALE-01.jpg 480w, https:\/\/www.hgc-reims.com\/wp-content\/uploads\/2022\/09\/FORUM-ASSOC-2022-PHOTO-PASCALE-01-225x300.jpg 225w\" sizes=\"auto, (max-width: 480px) 100vw, 480px\" \/><\/a><\/figure>\n\n\n\n<figure class=\"wp-block-image size-large\"><a href=\"https:\/\/www.hgc-reims.com\/wp-content\/uploads\/2022\/09\/FORUM-ASSOC-2022-PHOTO-PASCALE-02.jpg\"><img loading=\"lazy\" decoding=\"async\" width=\"640\" height=\"480\" data-id=\"4710\" src=\"https:\/\/www.hgc-reims.com\/wp-content\/uploads\/2022\/09\/FORUM-ASSOC-2022-PHOTO-PASCALE-02.jpg\" alt=\"\" class=\"wp-image-4710\" srcset=\"https:\/\/www.hgc-reims.com\/wp-content\/uploads\/2022\/09\/FORUM-ASSOC-2022-PHOTO-PASCALE-02.jpg 640w, https:\/\/www.hgc-reims.com\/wp-content\/uploads\/2022\/09\/FORUM-ASSOC-2022-PHOTO-PASCALE-02-300x225.jpg 300w\" sizes=\"auto, (max-width: 640px) 100vw, 640px\" \/><\/a><\/figure>\n\n\n\n<figure class=\"wp-block-image size-large\"><a href=\"https:\/\/www.hgc-reims.com\/wp-content\/uploads\/2022\/09\/FORUM-ASSOC-2022-PHOTO-PASCALE-03.jpg\"><img loading=\"lazy\" decoding=\"async\" width=\"640\" height=\"480\" data-id=\"4709\" src=\"https:\/\/www.hgc-reims.com\/wp-content\/uploads\/2022\/09\/FORUM-ASSOC-2022-PHOTO-PASCALE-03.jpg\" alt=\"\" class=\"wp-image-4709\" srcset=\"https:\/\/www.hgc-reims.com\/wp-content\/uploads\/2022\/09\/FORUM-ASSOC-2022-PHOTO-PASCALE-03.jpg 640w, https:\/\/www.hgc-reims.com\/wp-content\/uploads\/2022\/09\/FORUM-ASSOC-2022-PHOTO-PASCALE-03-300x225.jpg 300w\" sizes=\"auto, (max-width: 640px) 100vw, 640px\" \/><\/a><\/figure>\n\n\n\n<figure class=\"wp-block-image size-large\"><a href=\"https:\/\/www.hgc-reims.com\/wp-content\/uploads\/2022\/09\/FORUM-ASSOC-2022-PHOTO-GILLOU-05.jpg\"><img loading=\"lazy\" decoding=\"async\" width=\"1024\" height=\"768\" data-id=\"4712\" src=\"https:\/\/www.hgc-reims.com\/wp-content\/uploads\/2022\/09\/FORUM-ASSOC-2022-PHOTO-GILLOU-05-1024x768.jpg\" alt=\"\" class=\"wp-image-4712\" srcset=\"https:\/\/www.hgc-reims.com\/wp-content\/uploads\/2022\/09\/FORUM-ASSOC-2022-PHOTO-GILLOU-05-1024x768.jpg 1024w, https:\/\/www.hgc-reims.com\/wp-content\/uploads\/2022\/09\/FORUM-ASSOC-2022-PHOTO-GILLOU-05-300x225.jpg 300w, https:\/\/www.hgc-reims.com\/wp-content\/uploads\/2022\/09\/FORUM-ASSOC-2022-PHOTO-GILLOU-05-768x576.jpg 768w, https:\/\/www.hgc-reims.com\/wp-content\/uploads\/2022\/09\/FORUM-ASSOC-2022-PHOTO-GILLOU-05-1536x1152.jpg 1536w, https:\/\/www.hgc-reims.com\/wp-content\/uploads\/2022\/09\/FORUM-ASSOC-2022-PHOTO-GILLOU-05.jpg 1850w\" sizes=\"auto, (max-width: 1024px) 100vw, 1024px\" \/><\/a><\/figure>\n<\/figure>\n","protected":false},"excerpt":{"rendered":"<p>Beaucoup de monde sur ces deux apr\u00e8s-midis au nouveau parc des expositions, Zone Farman.Des contacts pour de futurs bapt\u00eames et de prochaines inscriptions.Des rencontres de nouveaux et d&rsquo;anciens plongeurs, plongeuses.Le tout dans la bonne humeur et dans de bonnes conditions mat\u00e9rielles.Merci \u00e0 toutes celles et ceux qui ont aid\u00e9 au bon d\u00e9roulement !<\/p>\n","protected":false},"author":1,"featured_media":0,"comment_status":"closed","ping_status":"closed","sticky":false,"template":"","format":"standard","meta":{"footnotes":""},"categories":[7,23],"tags":[5,24],"class_list":["post-4706","post","type-post","status-publish","format-standard","hentry","category-news","category-vie-du-club","tag-news","tag-vie-du-club","gallery-content-unit"],"post_mailing_queue_ids":[],"_links":{"self":[{"href":"https:\/\/www.hgc-reims.com\/index.php?rest_route=\/wp\/v2\/posts\/4706","targetHints":{"allow":["GET"]}}],"collection":[{"href":"https:\/\/www.hgc-reims.com\/index.php?rest_route=\/wp\/v2\/posts"}],"about":[{"href":"https:\/\/www.hgc-reims.com\/index.php?rest_route=\/wp\/v2\/types\/post"}],"author":[{"embeddable":true,"href":"https:\/\/www.hgc-reims.com\/index.php?rest_route=\/wp\/v2\/users\/1"}],"replies":[{"embeddable":true,"href":"https:\/\/www.hgc-reims.com\/index.php?rest_route=%2Fwp%2Fv2%2Fcomments&post=4706"}],"version-history":[{"count":2,"href":"https:\/\/www.hgc-reims.com\/index.php?rest_route=\/wp\/v2\/posts\/4706\/revisions"}],"predecessor-version":[{"id":4713,"href":"https:\/\/www.hgc-reims.com\/index.php?rest_route=\/wp\/v2\/posts\/4706\/revisions\/4713"}],"wp:attachment":[{"href":"https:\/\/www.hgc-reims.com\/index.php?rest_route=%2Fwp%2Fv2%2Fmedia&parent=4706"}],"wp:term":[{"taxonomy":"category","embeddable":true,"href":"https:\/\/www.hgc-reims.com\/index.php?rest_route=%2Fwp%2Fv2%2Fcategories&post=4706"},{"taxonomy":"post_tag","embeddable":true,"href":"https:\/\/www.hgc-reims.com\/index.php?rest_route=%2Fwp%2Fv2%2Ftags&post=4706"}],"curies":[{"name":"wp","href":"https:\/\/api.w.org\/{rel}","templated":true}]}}