{"id":4697,"date":"2022-09-07T13:13:39","date_gmt":"2022-09-07T11:13:39","guid":{"rendered":"https:\/\/www.hgc-reims.com\/?p=4697"},"modified":"2022-09-07T13:13:40","modified_gmt":"2022-09-07T11:13:40","slug":"morbleu-des-hgc-aux-caraibes","status":"publish","type":"post","link":"https:\/\/www.hgc-reims.com\/?p=4697","title":{"rendered":"Morbleu !! des HGC aux cara\u00efbes !!!"},"content":{"rendered":"\n<p>Le ton est donn\u00e9, les canons sont fi\u00e8rement dress\u00e9s.<\/p>\n\n\n\n<p>On raconte m\u00eame qu&rsquo;un tr\u00e9sor git de par le fond &#8230;<\/p>\n\n\n\n<p>14 plongeurs ont tent\u00e9 de le retrouver&#8230;. En vain.<\/p>\n\n\n\n<p>Les seules richesses r\u00e9cup\u00e9r\u00e9es, ont \u00e9t\u00e9 l&rsquo;exp\u00e9rience de chacune de leurs plong\u00e9es.<\/p>\n\n\n\n<p>Nos forbans pr\u00e9pas 2, Clara et Mathieu, ont su mettre en pratique les judicieux conseils de leurs timoniers.<\/p>\n\n\n\n<p>Les pr\u00e9pa 3 ont brill\u00e9 par leurs constances \ud83d\ude42<\/p>\n\n\n\n<p>Finalement chacun y a trouv\u00e9 son compte, et les souhaits de tous, ont pu \u00eatre respect\u00e9.<\/p>\n\n\n\n<p>Nous avons pu profiter d&rsquo;une tr\u00e8s bonne visibilit\u00e9, de nombreux poissons, et d\u00e9couvrir de belles mises en sc\u00e8ne, entour\u00e9es de Jolly Roger.<\/p>\n\n\n\n<p>Certains garderont un souvenir imp\u00e9rissable de leurs rencontres avec les sir\u00e8nes, j&rsquo;en suis s\u00fbr&#8230;<\/p>\n\n\n\n<p>Je tenais \u00e0 remercier les encadrants qui ont permis de poursuivre les formations de nos jeunes pirates et de les accompagner.<\/p>\n\n\n\n<p>Merci \u00e0 tout l\u2019\u00e9quipage pour l&rsquo;ambiance, \u00e0 tribord, et \u00e0 b\u00e2bord, ainsi qu&rsquo;\u00e0 Corinne, la gardienne des clefs et preneuse des param\u00e8tres, quand elle avait la feuille \ud83d\ude1b (ca c\u2019est pour le DP&nbsp;:D)<\/p>\n\n\n\n<p>La coquerie fut bonne et en a content\u00e9 plus d&rsquo;un.<\/p>\n\n\n\n<p>Enfin, merci \u00e0 Manu qui nous a permis de par sa souplesse et son accueil, de passer un bon week-end.<\/p>\n\n\n\n<p>Le cap est donn\u00e9, larguez les amarres\u2026.<\/p>\n\n\n\n<figure class=\"wp-block-gallery has-nested-images columns-default is-cropped wp-block-gallery-1 is-layout-flex wp-block-gallery-is-layout-flex\">\n<figure class=\"wp-block-image size-large\"><a href=\"https:\/\/www.hgc-reims.com\/wp-content\/uploads\/2022\/09\/Photos-1.jpg\"><img loading=\"lazy\" decoding=\"async\" width=\"360\" height=\"800\" data-id=\"4699\" src=\"https:\/\/www.hgc-reims.com\/wp-content\/uploads\/2022\/09\/Photos-1.jpg\" alt=\"\" class=\"wp-image-4699\" srcset=\"https:\/\/www.hgc-reims.com\/wp-content\/uploads\/2022\/09\/Photos-1.jpg 360w, https:\/\/www.hgc-reims.com\/wp-content\/uploads\/2022\/09\/Photos-1-135x300.jpg 135w\" sizes=\"auto, (max-width: 360px) 100vw, 360px\" \/><\/a><\/figure>\n\n\n\n<figure class=\"wp-block-image size-large\"><a href=\"https:\/\/www.hgc-reims.com\/wp-content\/uploads\/2022\/09\/Photos-2.jpg\"><img loading=\"lazy\" decoding=\"async\" width=\"1024\" height=\"677\" data-id=\"4702\" src=\"https:\/\/www.hgc-reims.com\/wp-content\/uploads\/2022\/09\/Photos-2.jpg\" alt=\"\" class=\"wp-image-4702\" srcset=\"https:\/\/www.hgc-reims.com\/wp-content\/uploads\/2022\/09\/Photos-2.jpg 1024w, https:\/\/www.hgc-reims.com\/wp-content\/uploads\/2022\/09\/Photos-2-300x198.jpg 300w, https:\/\/www.hgc-reims.com\/wp-content\/uploads\/2022\/09\/Photos-2-768x508.jpg 768w\" sizes=\"auto, (max-width: 1024px) 100vw, 1024px\" \/><\/a><\/figure>\n\n\n\n<figure class=\"wp-block-image size-large\"><a href=\"https:\/\/www.hgc-reims.com\/wp-content\/uploads\/2022\/09\/Photos-3-rotated.jpg\"><img loading=\"lazy\" decoding=\"async\" width=\"480\" height=\"640\" data-id=\"4701\" src=\"https:\/\/www.hgc-reims.com\/wp-content\/uploads\/2022\/09\/Photos-3-rotated.jpg\" alt=\"\" class=\"wp-image-4701\" srcset=\"https:\/\/www.hgc-reims.com\/wp-content\/uploads\/2022\/09\/Photos-3-rotated.jpg 480w, https:\/\/www.hgc-reims.com\/wp-content\/uploads\/2022\/09\/Photos-3-225x300.jpg 225w\" sizes=\"auto, (max-width: 480px) 100vw, 480px\" \/><\/a><\/figure>\n\n\n\n<figure class=\"wp-block-image size-large\"><a href=\"https:\/\/www.hgc-reims.com\/wp-content\/uploads\/2022\/09\/Photos-4.jpg\"><img loading=\"lazy\" decoding=\"async\" width=\"450\" height=\"600\" data-id=\"4700\" src=\"https:\/\/www.hgc-reims.com\/wp-content\/uploads\/2022\/09\/Photos-4.jpg\" alt=\"\" class=\"wp-image-4700\" srcset=\"https:\/\/www.hgc-reims.com\/wp-content\/uploads\/2022\/09\/Photos-4.jpg 450w, https:\/\/www.hgc-reims.com\/wp-content\/uploads\/2022\/09\/Photos-4-225x300.jpg 225w\" sizes=\"auto, (max-width: 450px) 100vw, 450px\" \/><\/a><\/figure>\n\n\n\n<figure class=\"wp-block-image size-large\"><a href=\"https:\/\/www.hgc-reims.com\/wp-content\/uploads\/2022\/09\/Photos-5.jpg\"><img loading=\"lazy\" decoding=\"async\" width=\"450\" height=\"600\" data-id=\"4698\" src=\"https:\/\/www.hgc-reims.com\/wp-content\/uploads\/2022\/09\/Photos-5.jpg\" alt=\"\" class=\"wp-image-4698\" srcset=\"https:\/\/www.hgc-reims.com\/wp-content\/uploads\/2022\/09\/Photos-5.jpg 450w, https:\/\/www.hgc-reims.com\/wp-content\/uploads\/2022\/09\/Photos-5-225x300.jpg 225w\" sizes=\"auto, (max-width: 450px) 100vw, 450px\" \/><\/a><\/figure>\n<\/figure>\n","protected":false},"excerpt":{"rendered":"<p>Le ton est donn\u00e9, les canons sont fi\u00e8rement dress\u00e9s. On raconte m\u00eame qu&rsquo;un tr\u00e9sor git de par le fond &#8230; 14 plongeurs ont tent\u00e9 de le retrouver&#8230;. En vain. Les seules richesses r\u00e9cup\u00e9r\u00e9es, ont \u00e9t\u00e9 l&rsquo;exp\u00e9rience de chacune de leurs plong\u00e9es. Nos forbans pr\u00e9pas 2, Clara et Mathieu, ont su mettre en pratique les judicieux &hellip; <a href=\"https:\/\/www.hgc-reims.com\/?p=4697\" class=\"more-link\">Continuer la lecture de <span class=\"screen-reader-text\">Morbleu !! des HGC aux cara\u00efbes !!!<\/span>  <span class=\"meta-nav\">&rarr;<\/span><\/a><\/p>\n","protected":false},"author":1,"featured_media":0,"comment_status":"closed","ping_status":"closed","sticky":false,"template":"","format":"standard","meta":{"footnotes":""},"categories":[7,26],"tags":[5,27],"class_list":["post-4697","post","type-post","status-publish","format-standard","hentry","category-news","category-sorties","tag-news","tag-sorties","gallery-content-unit"],"post_mailing_queue_ids":[],"_links":{"self":[{"href":"https:\/\/www.hgc-reims.com\/index.php?rest_route=\/wp\/v2\/posts\/4697","targetHints":{"allow":["GET"]}}],"collection":[{"href":"https:\/\/www.hgc-reims.com\/index.php?rest_route=\/wp\/v2\/posts"}],"about":[{"href":"https:\/\/www.hgc-reims.com\/index.php?rest_route=\/wp\/v2\/types\/post"}],"author":[{"embeddable":true,"href":"https:\/\/www.hgc-reims.com\/index.php?rest_route=\/wp\/v2\/users\/1"}],"replies":[{"embeddable":true,"href":"https:\/\/www.hgc-reims.com\/index.php?rest_route=%2Fwp%2Fv2%2Fcomments&post=4697"}],"version-history":[{"count":1,"href":"https:\/\/www.hgc-reims.com\/index.php?rest_route=\/wp\/v2\/posts\/4697\/revisions"}],"predecessor-version":[{"id":4703,"href":"https:\/\/www.hgc-reims.com\/index.php?rest_route=\/wp\/v2\/posts\/4697\/revisions\/4703"}],"wp:attachment":[{"href":"https:\/\/www.hgc-reims.com\/index.php?rest_route=%2Fwp%2Fv2%2Fmedia&parent=4697"}],"wp:term":[{"taxonomy":"category","embeddable":true,"href":"https:\/\/www.hgc-reims.com\/index.php?rest_route=%2Fwp%2Fv2%2Fcategories&post=4697"},{"taxonomy":"post_tag","embeddable":true,"href":"https:\/\/www.hgc-reims.com\/index.php?rest_route=%2Fwp%2Fv2%2Ftags&post=4697"}],"curies":[{"name":"wp","href":"https:\/\/api.w.org\/{rel}","templated":true}]}}