{"id":4344,"date":"2021-11-08T18:00:00","date_gmt":"2021-11-08T17:00:00","guid":{"rendered":"https:\/\/www.hgc-reims.com\/?p=4344"},"modified":"2021-11-08T15:33:00","modified_gmt":"2021-11-08T14:33:00","slug":"expo-photos-hgc-reims-du-12-novembre-au-3-decembre-2021-inclus-a-la-mairie-et-bibliotheque-de-villers-allerand","status":"publish","type":"post","link":"https:\/\/www.hgc-reims.com\/?p=4344","title":{"rendered":"EXPO PHOTOS HGC REIMS du 12\/11 au 3\/12 2021 inclus \u00e0 la Mairie et biblioth\u00e8que de Villers Allerand"},"content":{"rendered":"\n<p>Apr\u00e8s un arr\u00eat du \u00e0 la situation sanitaire, l\u2019expo photos des HGC Reims poursuit sa route &nbsp;pour le plaisir de vos yeux !&nbsp;<\/p>\n\n\n\n<p>Venez nombreux ! Inauguration le vendredi 12 novembre \u00e0 18 H 30 \u00e0 la Mairie de Villers Allerand.&nbsp;<\/p>\n\n\n\n<figure class=\"wp-block-image size-large\"><a href=\"https:\/\/www.hgc-reims.com\/wp-content\/uploads\/2021\/11\/affiche-exposition-photo-VILLERS-ALLERAND-1-page-001-scaled.jpg\"><img loading=\"lazy\" decoding=\"async\" width=\"724\" height=\"1024\" src=\"https:\/\/www.hgc-reims.com\/wp-content\/uploads\/2021\/11\/affiche-exposition-photo-VILLERS-ALLERAND-1-page-001-724x1024.jpg\" alt=\"\" class=\"wp-image-4345\" srcset=\"https:\/\/www.hgc-reims.com\/wp-content\/uploads\/2021\/11\/affiche-exposition-photo-VILLERS-ALLERAND-1-page-001-724x1024.jpg 724w, https:\/\/www.hgc-reims.com\/wp-content\/uploads\/2021\/11\/affiche-exposition-photo-VILLERS-ALLERAND-1-page-001-212x300.jpg 212w, https:\/\/www.hgc-reims.com\/wp-content\/uploads\/2021\/11\/affiche-exposition-photo-VILLERS-ALLERAND-1-page-001-768x1086.jpg 768w, https:\/\/www.hgc-reims.com\/wp-content\/uploads\/2021\/11\/affiche-exposition-photo-VILLERS-ALLERAND-1-page-001-1086x1536.jpg 1086w, https:\/\/www.hgc-reims.com\/wp-content\/uploads\/2021\/11\/affiche-exposition-photo-VILLERS-ALLERAND-1-page-001-1448x2048.jpg 1448w, https:\/\/www.hgc-reims.com\/wp-content\/uploads\/2021\/11\/affiche-exposition-photo-VILLERS-ALLERAND-1-page-001-scaled.jpg 1811w\" sizes=\"auto, (max-width: 724px) 100vw, 724px\" \/><\/a><\/figure>\n","protected":false},"excerpt":{"rendered":"<p>Apr\u00e8s un arr\u00eat du \u00e0 la situation sanitaire, l\u2019expo photos des HGC Reims poursuit sa route &nbsp;pour le plaisir de vos yeux !&nbsp; Venez nombreux ! Inauguration le vendredi 12 novembre \u00e0 18 H 30 \u00e0 la Mairie de Villers Allerand.&nbsp;<\/p>\n","protected":false},"author":1,"featured_media":0,"comment_status":"closed","ping_status":"closed","sticky":false,"template":"","format":"standard","meta":{"footnotes":""},"categories":[20,7,23],"tags":[22,5,24],"class_list":["post-4344","post","type-post","status-publish","format-standard","hentry","category-audio","category-news","category-vie-du-club","tag-audio","tag-news","tag-vie-du-club","gallery-content-unit"],"post_mailing_queue_ids":[],"_links":{"self":[{"href":"https:\/\/www.hgc-reims.com\/index.php?rest_route=\/wp\/v2\/posts\/4344","targetHints":{"allow":["GET"]}}],"collection":[{"href":"https:\/\/www.hgc-reims.com\/index.php?rest_route=\/wp\/v2\/posts"}],"about":[{"href":"https:\/\/www.hgc-reims.com\/index.php?rest_route=\/wp\/v2\/types\/post"}],"author":[{"embeddable":true,"href":"https:\/\/www.hgc-reims.com\/index.php?rest_route=\/wp\/v2\/users\/1"}],"replies":[{"embeddable":true,"href":"https:\/\/www.hgc-reims.com\/index.php?rest_route=%2Fwp%2Fv2%2Fcomments&post=4344"}],"version-history":[{"count":2,"href":"https:\/\/www.hgc-reims.com\/index.php?rest_route=\/wp\/v2\/posts\/4344\/revisions"}],"predecessor-version":[{"id":4347,"href":"https:\/\/www.hgc-reims.com\/index.php?rest_route=\/wp\/v2\/posts\/4344\/revisions\/4347"}],"wp:attachment":[{"href":"https:\/\/www.hgc-reims.com\/index.php?rest_route=%2Fwp%2Fv2%2Fmedia&parent=4344"}],"wp:term":[{"taxonomy":"category","embeddable":true,"href":"https:\/\/www.hgc-reims.com\/index.php?rest_route=%2Fwp%2Fv2%2Fcategories&post=4344"},{"taxonomy":"post_tag","embeddable":true,"href":"https:\/\/www.hgc-reims.com\/index.php?rest_route=%2Fwp%2Fv2%2Ftags&post=4344"}],"curies":[{"name":"wp","href":"https:\/\/api.w.org\/{rel}","templated":true}]}}