{"id":3764,"date":"2020-01-26T08:00:14","date_gmt":"2020-01-26T07:00:14","guid":{"rendered":"http:\/\/www.hgc-reims.com\/?p=3764"},"modified":"2020-01-25T13:32:53","modified_gmt":"2020-01-25T12:32:53","slug":"ago-codep-marne","status":"publish","type":"post","link":"https:\/\/www.hgc-reims.com\/?p=3764","title":{"rendered":"AGO CODEP MARNE"},"content":{"rendered":"\n<p><\/p>\n\n\n\n<p><strong>L&rsquo;assembl\u00e9e G\u00e9n\u00e9rale Ordinaire&nbsp;<\/strong>du Comit\u00e9 D\u00e9partemental Marne se tiendra au :<\/p>\n\n\n\n<p>Lyc\u00e9e LaSalle Reims -Thillois 4 rue des \u00e9coles 51370 THILLOIS<\/p>\n\n\n\n<p><strong>Le Samedi 15 F\u00e9vrier 2020 \u00e0 partir de 14h00.<\/strong><\/p>\n\n\n\n<p>(*) Les AG des commissions se d\u00e9rouleront \u00e0 partir de 13h30&nbsp;<\/p>\n","protected":false},"excerpt":{"rendered":"<p>L&rsquo;assembl\u00e9e G\u00e9n\u00e9rale Ordinaire&nbsp;du Comit\u00e9 D\u00e9partemental Marne se tiendra au : Lyc\u00e9e LaSalle Reims -Thillois 4 rue des \u00e9coles 51370 THILLOIS Le Samedi 15 F\u00e9vrier 2020 \u00e0 partir de 14h00. (*) Les AG des commissions se d\u00e9rouleront \u00e0 partir de 13h30&nbsp;<\/p>\n","protected":false},"author":1,"featured_media":0,"comment_status":"closed","ping_status":"closed","sticky":false,"template":"","format":"standard","meta":{"footnotes":""},"categories":[7,13],"tags":[5,29],"class_list":["post-3764","post","type-post","status-publish","format-standard","hentry","category-news","category-technique","tag-news","tag-technique","gallery-content-unit"],"post_mailing_queue_ids":[],"_links":{"self":[{"href":"https:\/\/www.hgc-reims.com\/index.php?rest_route=\/wp\/v2\/posts\/3764","targetHints":{"allow":["GET"]}}],"collection":[{"href":"https:\/\/www.hgc-reims.com\/index.php?rest_route=\/wp\/v2\/posts"}],"about":[{"href":"https:\/\/www.hgc-reims.com\/index.php?rest_route=\/wp\/v2\/types\/post"}],"author":[{"embeddable":true,"href":"https:\/\/www.hgc-reims.com\/index.php?rest_route=\/wp\/v2\/users\/1"}],"replies":[{"embeddable":true,"href":"https:\/\/www.hgc-reims.com\/index.php?rest_route=%2Fwp%2Fv2%2Fcomments&post=3764"}],"version-history":[{"count":1,"href":"https:\/\/www.hgc-reims.com\/index.php?rest_route=\/wp\/v2\/posts\/3764\/revisions"}],"predecessor-version":[{"id":3765,"href":"https:\/\/www.hgc-reims.com\/index.php?rest_route=\/wp\/v2\/posts\/3764\/revisions\/3765"}],"wp:attachment":[{"href":"https:\/\/www.hgc-reims.com\/index.php?rest_route=%2Fwp%2Fv2%2Fmedia&parent=3764"}],"wp:term":[{"taxonomy":"category","embeddable":true,"href":"https:\/\/www.hgc-reims.com\/index.php?rest_route=%2Fwp%2Fv2%2Fcategories&post=3764"},{"taxonomy":"post_tag","embeddable":true,"href":"https:\/\/www.hgc-reims.com\/index.php?rest_route=%2Fwp%2Fv2%2Ftags&post=3764"}],"curies":[{"name":"wp","href":"https:\/\/api.w.org\/{rel}","templated":true}]}}