{"id":3675,"date":"2019-11-27T22:49:29","date_gmt":"2019-11-27T21:49:29","guid":{"rendered":"http:\/\/www.hgc-reims.com\/?p=3675"},"modified":"2019-11-27T22:49:52","modified_gmt":"2019-11-27T21:49:52","slug":"assemblee-generale-2","status":"publish","type":"post","link":"https:\/\/www.hgc-reims.com\/?p=3675","title":{"rendered":"Assembl\u00e9e G\u00e9n\u00e9rale"},"content":{"rendered":"\n<p><strong>Nous vous informons que l\u2019Assembl\u00e9e G\u00e9n\u00e9rale Ordinaire de notre club aura lieu le :\u00a0 SAMEDI 14 DECEMBRE 2019 \u00e0 9 h 30 \u00e0 la Maison de la Vie Associative\u00a0 122 bis rue du Barb\u00e2tre \u00e0 Reims<\/strong><\/p>\n\n\n\n<p><strong>Une invitation pour participer \u00e0 l\u2019AG avec l\u2019ordre du jour sera adress\u00e9e par courriel aux adh\u00e9rents.<\/strong><\/p>\n\n\n\n<p><strong>Conform\u00e9ment \u00e0 nos statuts est \u00e9lecteur tout adh\u00e9rent ayant 16 ans r\u00e9volus \u00e0 la date de l\u2019AG&nbsp;et ayant r\u00e9gl\u00e9 sa cotisation depuis plus de 30 jours <\/strong><\/p>\n\n\n\n<p><strong>La Pr\u00e9sidente<\/strong><\/p>\n","protected":false},"excerpt":{"rendered":"<p>Nous vous informons que l\u2019Assembl\u00e9e G\u00e9n\u00e9rale Ordinaire de notre club aura lieu le :\u00a0 SAMEDI 14 DECEMBRE 2019 \u00e0 9 h 30 \u00e0 la Maison de la Vie Associative\u00a0 122 bis rue du Barb\u00e2tre \u00e0 Reims Une invitation pour participer \u00e0 l\u2019AG avec l\u2019ordre du jour sera adress\u00e9e par courriel aux adh\u00e9rents. Conform\u00e9ment \u00e0 nos &hellip; <a href=\"https:\/\/www.hgc-reims.com\/?p=3675\" class=\"more-link\">Continuer la lecture de <span class=\"screen-reader-text\">Assembl\u00e9e G\u00e9n\u00e9rale<\/span>  <span class=\"meta-nav\">&rarr;<\/span><\/a><\/p>\n","protected":false},"author":1,"featured_media":0,"comment_status":"closed","ping_status":"closed","sticky":false,"template":"","format":"standard","meta":{"footnotes":""},"categories":[7,23],"tags":[5,24],"class_list":["post-3675","post","type-post","status-publish","format-standard","hentry","category-news","category-vie-du-club","tag-news","tag-vie-du-club","gallery-content-unit"],"post_mailing_queue_ids":[],"_links":{"self":[{"href":"https:\/\/www.hgc-reims.com\/index.php?rest_route=\/wp\/v2\/posts\/3675","targetHints":{"allow":["GET"]}}],"collection":[{"href":"https:\/\/www.hgc-reims.com\/index.php?rest_route=\/wp\/v2\/posts"}],"about":[{"href":"https:\/\/www.hgc-reims.com\/index.php?rest_route=\/wp\/v2\/types\/post"}],"author":[{"embeddable":true,"href":"https:\/\/www.hgc-reims.com\/index.php?rest_route=\/wp\/v2\/users\/1"}],"replies":[{"embeddable":true,"href":"https:\/\/www.hgc-reims.com\/index.php?rest_route=%2Fwp%2Fv2%2Fcomments&post=3675"}],"version-history":[{"count":2,"href":"https:\/\/www.hgc-reims.com\/index.php?rest_route=\/wp\/v2\/posts\/3675\/revisions"}],"predecessor-version":[{"id":3677,"href":"https:\/\/www.hgc-reims.com\/index.php?rest_route=\/wp\/v2\/posts\/3675\/revisions\/3677"}],"wp:attachment":[{"href":"https:\/\/www.hgc-reims.com\/index.php?rest_route=%2Fwp%2Fv2%2Fmedia&parent=3675"}],"wp:term":[{"taxonomy":"category","embeddable":true,"href":"https:\/\/www.hgc-reims.com\/index.php?rest_route=%2Fwp%2Fv2%2Fcategories&post=3675"},{"taxonomy":"post_tag","embeddable":true,"href":"https:\/\/www.hgc-reims.com\/index.php?rest_route=%2Fwp%2Fv2%2Ftags&post=3675"}],"curies":[{"name":"wp","href":"https:\/\/api.w.org\/{rel}","templated":true}]}}