{"id":2841,"date":"2018-11-08T07:00:39","date_gmt":"2018-11-08T06:00:39","guid":{"rendered":"http:\/\/www.hgc-reims.com\/?p=2841"},"modified":"2018-11-13T21:33:53","modified_gmt":"2018-11-13T20:33:53","slug":"disparition-de-jacques-desprez","status":"publish","type":"post","link":"https:\/\/www.hgc-reims.com\/?p=2841","title":{"rendered":"Disparition de Jacques Desprez"},"content":{"rendered":"<div><b>Disparition de notre ami Jacques Desprez qui restera dans nos m\u00e9moires<\/b><\/div>\n<div><b>Il a marqu\u00e9 le monde de la photo sous-marine en \u00e9tant un de ses pionniers au sein des HGC<\/b><\/div>\n<div><\/div>\n<div><a href=\"http:\/\/www.hgc-reims.com\/wp-content\/uploads\/2018\/11\/Jacques-D-2.jpg\"><img loading=\"lazy\" decoding=\"async\" class=\"alignnone size-full wp-image-2842\" src=\"http:\/\/www.hgc-reims.com\/wp-content\/uploads\/2018\/11\/Jacques-D-2.jpg\" alt=\"\" width=\"285\" height=\"369\" srcset=\"https:\/\/www.hgc-reims.com\/wp-content\/uploads\/2018\/11\/Jacques-D-2.jpg 285w, https:\/\/www.hgc-reims.com\/wp-content\/uploads\/2018\/11\/Jacques-D-2-232x300.jpg 232w\" sizes=\"auto, (max-width: 285px) 100vw, 285px\" \/><\/a><\/div>\n<div><\/div>\n<div><a href=\"http:\/\/www.hgc-reims.com\/wp-content\/uploads\/2018\/11\/Historique-palmare\u0300s-Jacque-Desprez-novembre-2018.doc\">Historique palmare\u0300s Jacques Desprez\u00a0<\/a><\/div>\n","protected":false},"excerpt":{"rendered":"<p>Disparition de notre ami Jacques Desprez qui restera dans nos m\u00e9moires Il a marqu\u00e9 le monde de la photo sous-marine en \u00e9tant un de ses pionniers au sein des HGC Historique palmare\u0300s Jacques Desprez\u00a0<\/p>\n","protected":false},"author":1,"featured_media":0,"comment_status":"closed","ping_status":"closed","sticky":false,"template":"","format":"standard","meta":{"footnotes":""},"categories":[7,23],"tags":[5,24],"class_list":["post-2841","post","type-post","status-publish","format-standard","hentry","category-news","category-vie-du-club","tag-news","tag-vie-du-club","gallery-content-unit"],"post_mailing_queue_ids":[],"_links":{"self":[{"href":"https:\/\/www.hgc-reims.com\/index.php?rest_route=\/wp\/v2\/posts\/2841","targetHints":{"allow":["GET"]}}],"collection":[{"href":"https:\/\/www.hgc-reims.com\/index.php?rest_route=\/wp\/v2\/posts"}],"about":[{"href":"https:\/\/www.hgc-reims.com\/index.php?rest_route=\/wp\/v2\/types\/post"}],"author":[{"embeddable":true,"href":"https:\/\/www.hgc-reims.com\/index.php?rest_route=\/wp\/v2\/users\/1"}],"replies":[{"embeddable":true,"href":"https:\/\/www.hgc-reims.com\/index.php?rest_route=%2Fwp%2Fv2%2Fcomments&post=2841"}],"version-history":[{"count":1,"href":"https:\/\/www.hgc-reims.com\/index.php?rest_route=\/wp\/v2\/posts\/2841\/revisions"}],"predecessor-version":[{"id":2844,"href":"https:\/\/www.hgc-reims.com\/index.php?rest_route=\/wp\/v2\/posts\/2841\/revisions\/2844"}],"wp:attachment":[{"href":"https:\/\/www.hgc-reims.com\/index.php?rest_route=%2Fwp%2Fv2%2Fmedia&parent=2841"}],"wp:term":[{"taxonomy":"category","embeddable":true,"href":"https:\/\/www.hgc-reims.com\/index.php?rest_route=%2Fwp%2Fv2%2Fcategories&post=2841"},{"taxonomy":"post_tag","embeddable":true,"href":"https:\/\/www.hgc-reims.com\/index.php?rest_route=%2Fwp%2Fv2%2Ftags&post=2841"}],"curies":[{"name":"wp","href":"https:\/\/api.w.org\/{rel}","templated":true}]}}