{"id":1984,"date":"2017-05-06T13:00:00","date_gmt":"2017-05-06T11:00:00","guid":{"rendered":"http:\/\/www.hgc-reims.com\/?p=1984"},"modified":"2017-05-08T14:02:50","modified_gmt":"2017-05-08T12:02:50","slug":"resultat-descente-de-la-marne-2017","status":"publish","type":"post","link":"https:\/\/www.hgc-reims.com\/?p=1984","title":{"rendered":"R\u00e9sultat Descente de la Marne 2017"},"content":{"rendered":"<div>\n<div dir=\"ltr\">\n<div>Voici les r\u00e9sultats de la descente de la Marne qui a eu lieu le 1er mai sous un beau soleil.<\/div>\n<div>Tous les nageurs \u00e9taient inscrits sur 3500 M.<\/div>\n<div><\/div>\n<p>En v\u00e9t\u00e9ran femme,<\/p>\n<ul>\n<li>Isabelle Dupuis est arriv\u00e9e 4\u00e8me de sa cat\u00e9gorie en 1h08.<\/li>\n<\/ul>\n<p>Concernant les hommes,<\/p>\n<ul>\n<li>Quentin BRATEAU \u00a01er de sa cat\u00e9gorie en 42 min 17<\/li>\n<li>David BRATEAU \u00a0 \u00a0 \u00a0 3\u00e8me de sa cat\u00e9gorie en 35 min<\/li>\n<li>Fabien JONVAL\u00a0\u00a0\u00a0\u00a0\u00a0\u00a0\u00a0\u00a0 6\u00e8me de sa cat\u00e9gorie en 44min 54<\/li>\n<li>St\u00e9phane MABILLE\u00a0\u00a0\u00a0 8 \u00e8me de sa cat\u00e9gorie en 56min 24.<\/li>\n<\/ul>\n<p>Manuela FRESNE a abandonn\u00e9 au bout de 500 m.<\/p>\n<p>Je crois que ce n&rsquo;est vraiment pas une course pour elle ! \u00a0 \ud83d\ude09<\/p>\n<p><a href=\"http:\/\/www.hgc-reims.com\/wp-content\/uploads\/2017\/05\/DSC_3689.jpg\"><img loading=\"lazy\" decoding=\"async\" class=\"alignnone size-full wp-image-1985\" src=\"http:\/\/www.hgc-reims.com\/wp-content\/uploads\/2017\/05\/DSC_3689.jpg\" alt=\"\" width=\"4288\" height=\"2848\" srcset=\"https:\/\/www.hgc-reims.com\/wp-content\/uploads\/2017\/05\/DSC_3689.jpg 4288w, https:\/\/www.hgc-reims.com\/wp-content\/uploads\/2017\/05\/DSC_3689-300x199.jpg 300w, https:\/\/www.hgc-reims.com\/wp-content\/uploads\/2017\/05\/DSC_3689-768x510.jpg 768w, https:\/\/www.hgc-reims.com\/wp-content\/uploads\/2017\/05\/DSC_3689-1024x680.jpg 1024w\" sizes=\"auto, (max-width: 4288px) 100vw, 4288px\" \/><\/a> <a href=\"http:\/\/www.hgc-reims.com\/wp-content\/uploads\/2017\/05\/DSC_3702.jpg\"><img loading=\"lazy\" decoding=\"async\" class=\"alignnone size-full wp-image-1986\" src=\"http:\/\/www.hgc-reims.com\/wp-content\/uploads\/2017\/05\/DSC_3702.jpg\" alt=\"\" width=\"4288\" height=\"2848\" srcset=\"https:\/\/www.hgc-reims.com\/wp-content\/uploads\/2017\/05\/DSC_3702.jpg 4288w, https:\/\/www.hgc-reims.com\/wp-content\/uploads\/2017\/05\/DSC_3702-300x199.jpg 300w, https:\/\/www.hgc-reims.com\/wp-content\/uploads\/2017\/05\/DSC_3702-768x510.jpg 768w, https:\/\/www.hgc-reims.com\/wp-content\/uploads\/2017\/05\/DSC_3702-1024x680.jpg 1024w\" sizes=\"auto, (max-width: 4288px) 100vw, 4288px\" \/><\/a> <a href=\"http:\/\/www.hgc-reims.com\/wp-content\/uploads\/2017\/05\/DSC_3717.jpg\"><img loading=\"lazy\" decoding=\"async\" class=\"alignnone size-full wp-image-1987\" src=\"http:\/\/www.hgc-reims.com\/wp-content\/uploads\/2017\/05\/DSC_3717.jpg\" alt=\"\" width=\"4288\" height=\"2848\" srcset=\"https:\/\/www.hgc-reims.com\/wp-content\/uploads\/2017\/05\/DSC_3717.jpg 4288w, https:\/\/www.hgc-reims.com\/wp-content\/uploads\/2017\/05\/DSC_3717-300x199.jpg 300w, https:\/\/www.hgc-reims.com\/wp-content\/uploads\/2017\/05\/DSC_3717-768x510.jpg 768w, https:\/\/www.hgc-reims.com\/wp-content\/uploads\/2017\/05\/DSC_3717-1024x680.jpg 1024w\" sizes=\"auto, (max-width: 4288px) 100vw, 4288px\" \/><\/a><\/p>\n<\/div>\n<\/div>\n","protected":false},"excerpt":{"rendered":"<p>Voici les r\u00e9sultats de la descente de la Marne qui a eu lieu le 1er mai sous un beau soleil. Tous les nageurs \u00e9taient inscrits sur 3500 M. En v\u00e9t\u00e9ran femme, Isabelle Dupuis est arriv\u00e9e 4\u00e8me de sa cat\u00e9gorie en 1h08. Concernant les hommes, Quentin BRATEAU \u00a01er de sa cat\u00e9gorie en 42 min 17 David &hellip; <a href=\"https:\/\/www.hgc-reims.com\/?p=1984\" class=\"more-link\">Continuer la lecture de <span class=\"screen-reader-text\">R\u00e9sultat Descente de la Marne 2017<\/span>  <span class=\"meta-nav\">&rarr;<\/span><\/a><\/p>\n","protected":false},"author":1,"featured_media":0,"comment_status":"closed","ping_status":"closed","sticky":false,"template":"","format":"standard","meta":{"footnotes":""},"categories":[19,7],"tags":[16,5],"class_list":["post-1984","post","type-post","status-publish","format-standard","hentry","category-nap","category-news","tag-nap","tag-news","gallery-content-unit"],"post_mailing_queue_ids":[],"_links":{"self":[{"href":"https:\/\/www.hgc-reims.com\/index.php?rest_route=\/wp\/v2\/posts\/1984","targetHints":{"allow":["GET"]}}],"collection":[{"href":"https:\/\/www.hgc-reims.com\/index.php?rest_route=\/wp\/v2\/posts"}],"about":[{"href":"https:\/\/www.hgc-reims.com\/index.php?rest_route=\/wp\/v2\/types\/post"}],"author":[{"embeddable":true,"href":"https:\/\/www.hgc-reims.com\/index.php?rest_route=\/wp\/v2\/users\/1"}],"replies":[{"embeddable":true,"href":"https:\/\/www.hgc-reims.com\/index.php?rest_route=%2Fwp%2Fv2%2Fcomments&post=1984"}],"version-history":[{"count":8,"href":"https:\/\/www.hgc-reims.com\/index.php?rest_route=\/wp\/v2\/posts\/1984\/revisions"}],"predecessor-version":[{"id":1995,"href":"https:\/\/www.hgc-reims.com\/index.php?rest_route=\/wp\/v2\/posts\/1984\/revisions\/1995"}],"wp:attachment":[{"href":"https:\/\/www.hgc-reims.com\/index.php?rest_route=%2Fwp%2Fv2%2Fmedia&parent=1984"}],"wp:term":[{"taxonomy":"category","embeddable":true,"href":"https:\/\/www.hgc-reims.com\/index.php?rest_route=%2Fwp%2Fv2%2Fcategories&post=1984"},{"taxonomy":"post_tag","embeddable":true,"href":"https:\/\/www.hgc-reims.com\/index.php?rest_route=%2Fwp%2Fv2%2Ftags&post=1984"}],"curies":[{"name":"wp","href":"https:\/\/api.w.org\/{rel}","templated":true}]}}